{"id":4170,"date":"2025-11-26T08:23:18","date_gmt":"2025-11-26T11:23:18","guid":{"rendered":"https:\/\/elpueblonoticia.com.ar\/web\/?p=4170"},"modified":"2025-11-26T08:23:18","modified_gmt":"2025-11-26T11:23:18","slug":"control-de-transito-el-director-de-transito-alejandro-stortti-dio-detalles-de-los-controles-del-fin-de-semana-largo","status":"publish","type":"post","link":"https:\/\/elpueblonoticia.com.ar\/web\/2025\/11\/26\/control-de-transito-el-director-de-transito-alejandro-stortti-dio-detalles-de-los-controles-del-fin-de-semana-largo\/","title":{"rendered":"CONTROL DE TR\u00c0NSITO : EL DIRECTOR DE TR\u00c1NSITO, ALEJANDRO STORTTI, DIO DETALLES DE LOS CONTROLES DEL FIN DE SEMANA LARGO"},"content":{"rendered":"<p><img loading=\"lazy\" decoding=\"async\" class=\"alignnone size-medium wp-image-4172\" src=\"https:\/\/elpueblonoticia.com.ar\/web\/wp-content\/uploads\/2025\/11\/stortti-3-300x133.jpeg\" alt=\"\" width=\"300\" height=\"133\" srcset=\"https:\/\/elpueblonoticia.com.ar\/web\/wp-content\/uploads\/2025\/11\/stortti-3-300x133.jpeg 300w, https:\/\/elpueblonoticia.com.ar\/web\/wp-content\/uploads\/2025\/11\/stortti-3-1024x453.jpeg 1024w, https:\/\/elpueblonoticia.com.ar\/web\/wp-content\/uploads\/2025\/11\/stortti-3-768x340.jpeg 768w, https:\/\/elpueblonoticia.com.ar\/web\/wp-content\/uploads\/2025\/11\/stortti-3-949x420.jpeg 949w, https:\/\/elpueblonoticia.com.ar\/web\/wp-content\/uploads\/2025\/11\/stortti-3-696x308.jpeg 696w, https:\/\/elpueblonoticia.com.ar\/web\/wp-content\/uploads\/2025\/11\/stortti-3-1068x473.jpeg 1068w, https:\/\/elpueblonoticia.com.ar\/web\/wp-content\/uploads\/2025\/11\/stortti-3.jpeg 1249w\" sizes=\"auto, (max-width: 300px) 100vw, 300px\" \/><img loading=\"lazy\" decoding=\"async\" class=\"alignnone size-medium wp-image-4173\" src=\"https:\/\/elpueblonoticia.com.ar\/web\/wp-content\/uploads\/2025\/11\/stortti-1-300x211.jpeg\" alt=\"\" width=\"300\" height=\"211\" srcset=\"https:\/\/elpueblonoticia.com.ar\/web\/wp-content\/uploads\/2025\/11\/stortti-1-300x211.jpeg 300w, https:\/\/elpueblonoticia.com.ar\/web\/wp-content\/uploads\/2025\/11\/stortti-1-597x420.jpeg 597w, https:\/\/elpueblonoticia.com.ar\/web\/wp-content\/uploads\/2025\/11\/stortti-1-696x489.jpeg 696w, https:\/\/elpueblonoticia.com.ar\/web\/wp-content\/uploads\/2025\/11\/stortti-1-100x70.jpeg 100w, https:\/\/elpueblonoticia.com.ar\/web\/wp-content\/uploads\/2025\/11\/stortti-1.jpeg 744w\" sizes=\"auto, (max-width: 300px) 100vw, 300px\" \/><\/p>\n<p class=\"x_MsoNormal\"><span lang=\"ES\" data-olk-copy-source=\"MessageBody\">El funcionario hizo menci\u00f3n al dispositivo desplegado durante el fin de semana, se\u00f1al\u00f3 que se dispuso control y operativos en diferentes puntos de la ciudad.<\/span><\/p>\n<p class=\"x_MsoNormal\"><span lang=\"ES\">El funcionario coment\u00f3 que por toda la actividad que hubo este fin de semana \u201chubo que desplegar operativos especiales con dos turnos trabajando en las calles. Es un despliegue de personal que hay que estar en varios lugares. Este fin de semana estuvimos en el Encuentro de Cigarros y Puros y en una fiesta religiosa el d\u00eda s\u00e1bado, que fue lo que m\u00e1s moviliz\u00f3 a la gente de toda la regi\u00f3n como Curuz\u00fa, Bella Vista, Esquina, Sauce todo en Costa Surub\u00ed, desde las 17 horas hasta las 3 de la ma\u00f1ana. All\u00ed tuvimos que armar una log\u00edstica parecida a la Fiesta del Surub\u00ed\u201d compar\u00f3.<\/span><\/p>\n<p class=\"x_MsoNormal\"><span lang=\"ES\">Asimismo, estuvo Tr\u00e1nsito en el evento \u201cLa Noche de los Museos\u201d y el domingo en festividad religiosa en plaza Mitre, frente a Iglesia Catedral.<\/span><\/p>\n<p class=\"x_MsoNormal\"><span lang=\"ES\">Estos controles de la movilidad social se realizaron sin perjuicio de los operativos rutinarios de la nocturnidad como operativos de documentaci\u00f3n y alcoholemia.<\/span><\/p>\n<p class=\"x_MsoNormal\"><span lang=\"ES\">\u201cCon este tema venimos bien, la gente empieza a entender la cuesti\u00f3n y empezamos a reforzar para fin de a\u00f1o para evitar la siniestralidad vial\u201d dijo.<\/span><\/p>\n<p class=\"x_MsoNormal\"><span lang=\"ES\">El funcionario llam\u00f3 a asumir la cuota de responsabilidad social, cambiar h\u00e1bitos de conducta y en la necesidad de educaci\u00f3n en las escuelas y control en la v\u00eda p\u00fablica focalizado en el uso del casco, recomendando que el que toma que no conduzca, transitar con los documentos personales y del veh\u00edculo. Hay que tomar con responsabilidad la situaci\u00f3n, ejercitar conductas que protejan la seguridad personal y colectiva.<\/span><\/p>\n<p class=\"x_MsoNormal\"><span lang=\"ES\">Justamente para el mes de diciembre se quiere evitar los siniestros y las muertes por accidente en vista de la visita del turismo por las Fiestas, controlando y haciendo efectivo el uso del casco, sobre todo.<\/span><\/p>\n<p class=\"x_MsoNormal\"><span lang=\"ES\">CONDUCTOR DESIGNADO<\/span><\/p>\n<p class=\"x_MsoNormal\"><span lang=\"ES\">Stortti hizo hincapi\u00e9 en la prudencia y responsabilidad de los padres y los egresados quienes asistir\u00e1n a colaciones y recepciones en el mes de diciembre, culminando los estudios secundarios.<\/span><\/p>\n<p class=\"x_MsoNormal\"><span lang=\"ES\">\u201cNosotros somos un \u00f3rgano de control, pero hay situaciones que pasan por las familias y hay que tener en cuenta la entrega de veh\u00edculos (auto o moto) a los j\u00f3venes sabiendo que van a tomar\u201d.<\/span><\/p>\n<p class=\"x_MsoNormal\"><span lang=\"ES\">El director de Tr\u00e1nsito finalmente advirti\u00f3 que est\u00e1n armando dispositivos de control en lugares concurridos con protocolo de actuaci\u00f3n para que no ocurran siniestros.<\/span><\/p>\n","protected":false},"excerpt":{"rendered":"<p>El funcionario hizo menci\u00f3n al dispositivo desplegado durante el fin de semana, se\u00f1al\u00f3 que se dispuso control y operativos en diferentes puntos de la ciudad. El funcionario coment\u00f3 que por toda la actividad que hubo este fin de semana \u201chubo que desplegar operativos especiales con dos turnos trabajando en las calles. Es un despliegue de [&hellip;]<\/p>\n","protected":false},"author":2,"featured_media":4171,"comment_status":"open","ping_status":"open","sticky":false,"template":"","format":"standard","meta":{"footnotes":""},"categories":[56],"tags":[],"class_list":{"0":"post-4170","1":"post","2":"type-post","3":"status-publish","4":"format-standard","5":"has-post-thumbnail","7":"category-locales"},"_links":{"self":[{"href":"https:\/\/elpueblonoticia.com.ar\/web\/wp-json\/wp\/v2\/posts\/4170","targetHints":{"allow":["GET"]}}],"collection":[{"href":"https:\/\/elpueblonoticia.com.ar\/web\/wp-json\/wp\/v2\/posts"}],"about":[{"href":"https:\/\/elpueblonoticia.com.ar\/web\/wp-json\/wp\/v2\/types\/post"}],"author":[{"embeddable":true,"href":"https:\/\/elpueblonoticia.com.ar\/web\/wp-json\/wp\/v2\/users\/2"}],"replies":[{"embeddable":true,"href":"https:\/\/elpueblonoticia.com.ar\/web\/wp-json\/wp\/v2\/comments?post=4170"}],"version-history":[{"count":1,"href":"https:\/\/elpueblonoticia.com.ar\/web\/wp-json\/wp\/v2\/posts\/4170\/revisions"}],"predecessor-version":[{"id":4174,"href":"https:\/\/elpueblonoticia.com.ar\/web\/wp-json\/wp\/v2\/posts\/4170\/revisions\/4174"}],"wp:featuredmedia":[{"embeddable":true,"href":"https:\/\/elpueblonoticia.com.ar\/web\/wp-json\/wp\/v2\/media\/4171"}],"wp:attachment":[{"href":"https:\/\/elpueblonoticia.com.ar\/web\/wp-json\/wp\/v2\/media?parent=4170"}],"wp:term":[{"taxonomy":"category","embeddable":true,"href":"https:\/\/elpueblonoticia.com.ar\/web\/wp-json\/wp\/v2\/categories?post=4170"},{"taxonomy":"post_tag","embeddable":true,"href":"https:\/\/elpueblonoticia.com.ar\/web\/wp-json\/wp\/v2\/tags?post=4170"}],"curies":[{"name":"wp","href":"https:\/\/api.w.org\/{rel}","templated":true}]}}