{"id":4166,"date":"2025-11-26T08:15:14","date_gmt":"2025-11-26T11:15:14","guid":{"rendered":"https:\/\/elpueblonoticia.com.ar\/web\/?p=4166"},"modified":"2025-11-26T08:15:14","modified_gmt":"2025-11-26T11:15:14","slug":"taller-para-periodistas-como-comunicar-sobre-consumos-salud-mental-y-genero","status":"publish","type":"post","link":"https:\/\/elpueblonoticia.com.ar\/web\/2025\/11\/26\/taller-para-periodistas-como-comunicar-sobre-consumos-salud-mental-y-genero\/","title":{"rendered":"TALLER PARA PERIODISTAS: C\u00d3MO COMUNICAR SOBRE CONSUMOS, SALUD MENTAL Y G\u00c9NERO"},"content":{"rendered":"<p class=\"x_MsoNormal\"><span lang=\"ES\" data-olk-copy-source=\"MessageBody\">La Municipalidad de Goya anunci\u00f3 la realizaci\u00f3n de un Taller de Capacitaci\u00f3n en Comunicaci\u00f3n Comunitaria, destinado a periodistas y comunicadores de la ciudad y la regi\u00f3n. La iniciativa propone ofrecer herramientas para abordar de manera responsable y efectiva tem\u00e1ticas sensibles como: salud mental, consumos problem\u00e1ticos y perspectiva de g\u00e9nero, \u00e1reas que demandan un tratamiento riguroso y actualizado en los medios de comunicaci\u00f3n.<\/span><\/p>\n<p class=\"x_MsoNormal\"><span lang=\"ES\">El espacio formativo es organizado de manera conjunta por las \u00e1reas municipales de Prevenci\u00f3n de Adicciones, Salud Mental, Mujer y Prensa, y cuenta adem\u00e1s con el acompa\u00f1amiento de la Asociaci\u00f3n de Periodistas de Corrientes (APC), que aporta su experiencia en capacitaciones profesionales orientadas a mejorar la calidad del trabajo period\u00edstico.<\/span><\/p>\n<p class=\"x_MsoNormal\"><span lang=\"ES\">El taller se llevar\u00e1 a cabo este jueves 27 de noviembre, a partir de las 18 horas, en el Club de Emprendedores, ubicado en Col\u00f3n 857. Desde la organizaci\u00f3n destacaron que la propuesta apunta a fortalecer las capacidades de quienes informan diariamente a la comunidad, brindando herramientas para construir discursos que promuevan el respeto, la prevenci\u00f3n y el acceso a la informaci\u00f3n de manera clara y segura.<\/span><\/p>\n<p class=\"x_MsoNormal\"><span lang=\"ES\">\u00a0<\/span><\/p>\n<p class=\"x_MsoNormal\"><span lang=\"ES\">Este tipo de capacitaci\u00f3n es muy importante, para poder contar con herramientas fundamentales, al momento de tratar temas tan sensibles. Este aprendizaje es abierto y gratuito para periodistas, comunicadores, influencers y toda persona que se dedique a la actividad de informar. Se espera una amplia participaci\u00f3n de trabajadores de prensa, estudiantes de comunicaci\u00f3n y comunicadores institucionales.<\/span><\/p>\n","protected":false},"excerpt":{"rendered":"<p>La Municipalidad de Goya anunci\u00f3 la realizaci\u00f3n de un Taller de Capacitaci\u00f3n en Comunicaci\u00f3n Comunitaria, destinado a periodistas y comunicadores de la ciudad y la regi\u00f3n. La iniciativa propone ofrecer herramientas para abordar de manera responsable y efectiva tem\u00e1ticas sensibles como: salud mental, consumos problem\u00e1ticos y perspectiva de g\u00e9nero, \u00e1reas que demandan un tratamiento riguroso [&hellip;]<\/p>\n","protected":false},"author":2,"featured_media":4167,"comment_status":"open","ping_status":"open","sticky":false,"template":"","format":"standard","meta":{"footnotes":""},"categories":[56],"tags":[],"class_list":{"0":"post-4166","1":"post","2":"type-post","3":"status-publish","4":"format-standard","5":"has-post-thumbnail","7":"category-locales"},"_links":{"self":[{"href":"https:\/\/elpueblonoticia.com.ar\/web\/wp-json\/wp\/v2\/posts\/4166","targetHints":{"allow":["GET"]}}],"collection":[{"href":"https:\/\/elpueblonoticia.com.ar\/web\/wp-json\/wp\/v2\/posts"}],"about":[{"href":"https:\/\/elpueblonoticia.com.ar\/web\/wp-json\/wp\/v2\/types\/post"}],"author":[{"embeddable":true,"href":"https:\/\/elpueblonoticia.com.ar\/web\/wp-json\/wp\/v2\/users\/2"}],"replies":[{"embeddable":true,"href":"https:\/\/elpueblonoticia.com.ar\/web\/wp-json\/wp\/v2\/comments?post=4166"}],"version-history":[{"count":1,"href":"https:\/\/elpueblonoticia.com.ar\/web\/wp-json\/wp\/v2\/posts\/4166\/revisions"}],"predecessor-version":[{"id":4168,"href":"https:\/\/elpueblonoticia.com.ar\/web\/wp-json\/wp\/v2\/posts\/4166\/revisions\/4168"}],"wp:featuredmedia":[{"embeddable":true,"href":"https:\/\/elpueblonoticia.com.ar\/web\/wp-json\/wp\/v2\/media\/4167"}],"wp:attachment":[{"href":"https:\/\/elpueblonoticia.com.ar\/web\/wp-json\/wp\/v2\/media?parent=4166"}],"wp:term":[{"taxonomy":"category","embeddable":true,"href":"https:\/\/elpueblonoticia.com.ar\/web\/wp-json\/wp\/v2\/categories?post=4166"},{"taxonomy":"post_tag","embeddable":true,"href":"https:\/\/elpueblonoticia.com.ar\/web\/wp-json\/wp\/v2\/tags?post=4166"}],"curies":[{"name":"wp","href":"https:\/\/api.w.org\/{rel}","templated":true}]}}