{"id":4157,"date":"2025-11-26T07:47:22","date_gmt":"2025-11-26T10:47:22","guid":{"rendered":"https:\/\/elpueblonoticia.com.ar\/web\/?p=4157"},"modified":"2025-11-26T07:47:22","modified_gmt":"2025-11-26T10:47:22","slug":"alma-vida-una-jornada-para-reconectar-con-la-gracia-y-celebrarse","status":"publish","type":"post","link":"https:\/\/elpueblonoticia.com.ar\/web\/2025\/11\/26\/alma-vida-una-jornada-para-reconectar-con-la-gracia-y-celebrarse\/","title":{"rendered":"ALMA VIDA: UNA JORNADA PARA RECONECTAR CON LA GRACIA Y CELEBRARSE"},"content":{"rendered":"<p class=\"x_MsoNormal\"><span lang=\"ES\" data-olk-copy-source=\"MessageBody\">El pr\u00f3ximo domingo 7 de diciembre, el Espacio Las Piedras ser\u00e1 escenario de \u201cALMA VIDA\u201d, una propuesta integral pensada para quienes buscan reconectar con su bienestar f\u00edsico, emocional y espiritual. Bajo el lema: \u201cLa GRACIA es tu estado natural. Ven\u00ed a celebrarte\u201d, la actividad invita a disfrutar de un d\u00eda al aire libre cargado de experiencias transformadoras.<\/span><\/p>\n<p class=\"x_MsoNormal\"><span lang=\"ES\">Desde las 9:30 hasta las 20 horas, los participantes podr\u00e1n recorrer una amplia oferta de actividades que incluyen yoga, arte, m\u00fasica, charlas, talleres, movimiento y una feria hol\u00edstica, conformando un encuentro que combina pr\u00e1cticas de armonizaci\u00f3n, creatividad y disfrute colectivo.<\/span><\/p>\n<p class=\"x_MsoNormal\"><span lang=\"ES\">La jornada apunta a crear un espacio de calma, inspiraci\u00f3n y conexi\u00f3n personal en un entorno natural que favorece la relajaci\u00f3n y el crecimiento interior. \u201cAlma Vida\u201d se proyecta, as\u00ed como una alternativa ideal para cerrar el a\u00f1o desde un lugar de introspecci\u00f3n y renovaci\u00f3n.<\/span><\/p>\n<p class=\"x_MsoNormal\"><span lang=\"ES\">Para mayor informaci\u00f3n o consultas sobre actividades y participaci\u00f3n, los interesados pueden comunicarse al 3548-637063.<\/span><\/p>\n<p class=\"x_MsoNormal\"><span lang=\"ES\">\u00a0<\/span><\/p>\n","protected":false},"excerpt":{"rendered":"<p>El pr\u00f3ximo domingo 7 de diciembre, el Espacio Las Piedras ser\u00e1 escenario de \u201cALMA VIDA\u201d, una propuesta integral pensada para quienes buscan reconectar con su bienestar f\u00edsico, emocional y espiritual. Bajo el lema: \u201cLa GRACIA es tu estado natural. Ven\u00ed a celebrarte\u201d, la actividad invita a disfrutar de un d\u00eda al aire libre cargado de [&hellip;]<\/p>\n","protected":false},"author":2,"featured_media":4158,"comment_status":"open","ping_status":"open","sticky":false,"template":"","format":"standard","meta":{"footnotes":""},"categories":[78],"tags":[],"class_list":{"0":"post-4157","1":"post","2":"type-post","3":"status-publish","4":"format-standard","5":"has-post-thumbnail","7":"category-generales"},"_links":{"self":[{"href":"https:\/\/elpueblonoticia.com.ar\/web\/wp-json\/wp\/v2\/posts\/4157","targetHints":{"allow":["GET"]}}],"collection":[{"href":"https:\/\/elpueblonoticia.com.ar\/web\/wp-json\/wp\/v2\/posts"}],"about":[{"href":"https:\/\/elpueblonoticia.com.ar\/web\/wp-json\/wp\/v2\/types\/post"}],"author":[{"embeddable":true,"href":"https:\/\/elpueblonoticia.com.ar\/web\/wp-json\/wp\/v2\/users\/2"}],"replies":[{"embeddable":true,"href":"https:\/\/elpueblonoticia.com.ar\/web\/wp-json\/wp\/v2\/comments?post=4157"}],"version-history":[{"count":1,"href":"https:\/\/elpueblonoticia.com.ar\/web\/wp-json\/wp\/v2\/posts\/4157\/revisions"}],"predecessor-version":[{"id":4159,"href":"https:\/\/elpueblonoticia.com.ar\/web\/wp-json\/wp\/v2\/posts\/4157\/revisions\/4159"}],"wp:featuredmedia":[{"embeddable":true,"href":"https:\/\/elpueblonoticia.com.ar\/web\/wp-json\/wp\/v2\/media\/4158"}],"wp:attachment":[{"href":"https:\/\/elpueblonoticia.com.ar\/web\/wp-json\/wp\/v2\/media?parent=4157"}],"wp:term":[{"taxonomy":"category","embeddable":true,"href":"https:\/\/elpueblonoticia.com.ar\/web\/wp-json\/wp\/v2\/categories?post=4157"},{"taxonomy":"post_tag","embeddable":true,"href":"https:\/\/elpueblonoticia.com.ar\/web\/wp-json\/wp\/v2\/tags?post=4157"}],"curies":[{"name":"wp","href":"https:\/\/api.w.org\/{rel}","templated":true}]}}