{"id":4147,"date":"2025-11-25T12:16:44","date_gmt":"2025-11-25T15:16:44","guid":{"rendered":"https:\/\/elpueblonoticia.com.ar\/web\/?p=4147"},"modified":"2025-11-25T12:16:44","modified_gmt":"2025-11-25T15:16:44","slug":"yerbateros-suspenden-la-zafra-de-verano-en-rechazo-a-la-desregulacion","status":"publish","type":"post","link":"https:\/\/elpueblonoticia.com.ar\/web\/2025\/11\/25\/yerbateros-suspenden-la-zafra-de-verano-en-rechazo-a-la-desregulacion\/","title":{"rendered":"Yerbateros suspenden la zafra de verano en rechazo a la desregulaci\u00f3n"},"content":{"rendered":"<p><span class=\"vola\">Contra Decreto de Milei:<\/span><\/p>\n<p>Lo decidieron m\u00e1s de un centenar de productores del centro de Misiones. Alertan un panorama de quebranto masivo y de concentraci\u00f3n. Analizan extremar medidas.<\/p>\n<div>\n<p>Frente al decreto desregulador del gobierno de Javier Milei que d\u00edas atr\u00e1s le quit\u00f3 toda facultad de fijar precios al Instituto de la Yerba (Inym), peque\u00f1os y medianos productores de Misiones comenzaron a tomar medidas de rechazo en bloque.<\/p>\n<p>En las \u00faltimas horas, m\u00e1s de un centenar de yerbateros del centro misionero decidieron suspender el inicio de la zafra de verano prevista para diciembre al alertar un panorama de insolvencia que, con el \u00faltimo decreto de Milei, deja al borde de la quiebra a cerca de 12.500 productores.<\/p>\n<p>Yerbateros reunidos en asamblea en Campo Grande determinaron no arrancar con la zafri\u00f1a ya que -sostienen- est\u00e1n trabajando a p\u00e9rdida. Hoy, los valores actuales por kilo merodean los $285 cuando los costos de producci\u00f3n est\u00e1n en $425 por kilo.<\/p>\n<p>Eso, sumado a pagos diferidos a 60, 90 y hasta 120 d\u00edas. Ahora, la quita del precio m\u00ednimo que fijaba el Inym, empuja m\u00e1s abajo a\u00fan el precio de la hoja verde pero los productores peque\u00f1os denuncian que esa baja solo la sufren ellos y no se refleja en g\u00f3ndola.<\/p>\n<p>Por eso, los productores denuncian que la medida del gobierno libertario auspicia una concentraci\u00f3n de la riqueza en manos de la industria, con peque\u00f1os y medianos en proceso de quebranto.<\/p>\n<p>En tanto, la Asociaci\u00f3n Misionera de Productores de Yerba Mate convoc\u00f3 a una reuni\u00f3n urgente para el jueves 27 en San Vicente, donde varios productores tienen previsto extremar las acciones de protesta, al denunciar que la cadena atraviesa un momento &#8220;insostenible&#8221;, con valores de la hoja verde que no cubren los gastos elementales de mantenimiento, cosecha y traslado.<\/p>\n<p>Eso ya gener\u00f3 un panorama de pagos rechazados y deudas que est\u00e1 paralizando la actividad comercial de localidades donde la producci\u00f3n yerbatera es el motor de la econom\u00eda.<\/p>\n<\/div>\n","protected":false},"excerpt":{"rendered":"<p>Contra Decreto de Milei: Lo decidieron m\u00e1s de un centenar de productores del centro de Misiones. Alertan un panorama de quebranto masivo y de concentraci\u00f3n. Analizan extremar medidas. Frente al decreto desregulador del gobierno de Javier Milei que d\u00edas atr\u00e1s le quit\u00f3 toda facultad de fijar precios al Instituto de la Yerba (Inym), peque\u00f1os y [&hellip;]<\/p>\n","protected":false},"author":2,"featured_media":4148,"comment_status":"open","ping_status":"open","sticky":false,"template":"","format":"standard","meta":{"footnotes":""},"categories":[66],"tags":[],"class_list":{"0":"post-4147","1":"post","2":"type-post","3":"status-publish","4":"format-standard","5":"has-post-thumbnail","7":"category-politica-nacionales"},"_links":{"self":[{"href":"https:\/\/elpueblonoticia.com.ar\/web\/wp-json\/wp\/v2\/posts\/4147","targetHints":{"allow":["GET"]}}],"collection":[{"href":"https:\/\/elpueblonoticia.com.ar\/web\/wp-json\/wp\/v2\/posts"}],"about":[{"href":"https:\/\/elpueblonoticia.com.ar\/web\/wp-json\/wp\/v2\/types\/post"}],"author":[{"embeddable":true,"href":"https:\/\/elpueblonoticia.com.ar\/web\/wp-json\/wp\/v2\/users\/2"}],"replies":[{"embeddable":true,"href":"https:\/\/elpueblonoticia.com.ar\/web\/wp-json\/wp\/v2\/comments?post=4147"}],"version-history":[{"count":1,"href":"https:\/\/elpueblonoticia.com.ar\/web\/wp-json\/wp\/v2\/posts\/4147\/revisions"}],"predecessor-version":[{"id":4149,"href":"https:\/\/elpueblonoticia.com.ar\/web\/wp-json\/wp\/v2\/posts\/4147\/revisions\/4149"}],"wp:featuredmedia":[{"embeddable":true,"href":"https:\/\/elpueblonoticia.com.ar\/web\/wp-json\/wp\/v2\/media\/4148"}],"wp:attachment":[{"href":"https:\/\/elpueblonoticia.com.ar\/web\/wp-json\/wp\/v2\/media?parent=4147"}],"wp:term":[{"taxonomy":"category","embeddable":true,"href":"https:\/\/elpueblonoticia.com.ar\/web\/wp-json\/wp\/v2\/categories?post=4147"},{"taxonomy":"post_tag","embeddable":true,"href":"https:\/\/elpueblonoticia.com.ar\/web\/wp-json\/wp\/v2\/tags?post=4147"}],"curies":[{"name":"wp","href":"https:\/\/api.w.org\/{rel}","templated":true}]}}