{"id":4138,"date":"2025-11-25T11:49:22","date_gmt":"2025-11-25T14:49:22","guid":{"rendered":"https:\/\/elpueblonoticia.com.ar\/web\/?p=4138"},"modified":"2025-11-25T11:52:17","modified_gmt":"2025-11-25T14:52:17","slug":"mariano-hormaechea-asumira-su-segunda-gestion-en-goya-el-9-de-diciembre","status":"publish","type":"post","link":"https:\/\/elpueblonoticia.com.ar\/web\/2025\/11\/25\/mariano-hormaechea-asumira-su-segunda-gestion-en-goya-el-9-de-diciembre\/","title":{"rendered":"Mariano Hormaechea asumir\u00e1 su segunda gesti\u00f3n en Goya el 9 de diciembre"},"content":{"rendered":"<div style=\"width: 696px;\" class=\"wp-video\"><!--[if lt IE 9]><script>document.createElement('video');<\/script><![endif]-->\n<video class=\"wp-video-shortcode\" id=\"video-4138-1\" width=\"696\" height=\"392\" preload=\"metadata\" controls=\"controls\"><source type=\"video\/mp4\" src=\"https:\/\/elpueblonoticia.com.ar\/web\/wp-content\/uploads\/2025\/11\/2025112549973318.mp4?_=1\" \/><a href=\"https:\/\/elpueblonoticia.com.ar\/web\/wp-content\/uploads\/2025\/11\/2025112549973318.mp4\">https:\/\/elpueblonoticia.com.ar\/web\/wp-content\/uploads\/2025\/11\/2025112549973318.mp4<\/a><\/video><\/div>\n<p>En el marco del 26\u00b0 Concurso \u201cIntegraci\u00f3n\u201d del Surub\u00ed, Mariano Hormaechea confirm\u00f3 que asumir\u00e1 su segunda gesti\u00f3n como intendente de Goya el pr\u00f3ximo 9 de diciembre.<\/p>\n<p>En di\u00e1logo con el corresponsal de Radio Sudamericana Rafael Palacios, el actual intendente de Goya Mariano Hormaechea confirm\u00f3 que asumir\u00e1 su segunda gesti\u00f3n el pr\u00f3ximo 9 de diciembre.<\/p>\n<p>&nbsp;<\/p>\n<p>\u201cAsumiremos el segundo periodo<strong>\u00a0el 9 de diciembre<\/strong>\u00a0para poder estar el 10 en Corrientes para la\u00a0<strong>asunci\u00f3n del nuevo Gobernador<\/strong>, nos parece importante\u201d, indic\u00f3 el Jefe comunal de la segunda ciudad de la Provincia.<\/p>\n<p>&nbsp;<\/p>\n<p>Adem\u00e1s a\u00f1adi\u00f3 \u201cnosotros estamos con muchas expectativas, con muchos desaf\u00edos hacia adelante, con mucha m\u00e1s responsabilidad y estamos orden\u00e1ndonos en este tiempo para asumir el 9 de diciembre\u201d.<\/p>\n<p>A su vez se refiri\u00f3 al Gobernador electo y dijo \u201c<strong>Juan Pablo se ha preparado para esto<\/strong>, ha trabajado mucho y puede hacerlo tranquilamente. Es uno de los intendentes con el que ven\u00edamos trabajando todos estos a\u00f1os.<\/p>\n<p>\u201cJuan Pablo hizo el trabajo que deb\u00eda hacer y logramos el objetivo, ah\u00ed hay una gran expectativa y desaf\u00edo para \u00e9l, tambi\u00e9n para todo nosotros en esta nueva etapa\u201d, asegur\u00f3 el goyano.<\/p>\n","protected":false},"excerpt":{"rendered":"<p>En el marco del 26\u00b0 Concurso \u201cIntegraci\u00f3n\u201d del Surub\u00ed, Mariano Hormaechea confirm\u00f3 que asumir\u00e1 su segunda gesti\u00f3n como intendente de Goya el pr\u00f3ximo 9 de diciembre. En di\u00e1logo con el corresponsal de Radio Sudamericana Rafael Palacios, el actual intendente de Goya Mariano Hormaechea confirm\u00f3 que asumir\u00e1 su segunda gesti\u00f3n el pr\u00f3ximo 9 de diciembre. &nbsp; [&hellip;]<\/p>\n","protected":false},"author":2,"featured_media":4143,"comment_status":"open","ping_status":"open","sticky":false,"template":"","format":"standard","meta":{"footnotes":""},"categories":[56],"tags":[],"class_list":{"0":"post-4138","1":"post","2":"type-post","3":"status-publish","4":"format-standard","5":"has-post-thumbnail","7":"category-locales"},"_links":{"self":[{"href":"https:\/\/elpueblonoticia.com.ar\/web\/wp-json\/wp\/v2\/posts\/4138","targetHints":{"allow":["GET"]}}],"collection":[{"href":"https:\/\/elpueblonoticia.com.ar\/web\/wp-json\/wp\/v2\/posts"}],"about":[{"href":"https:\/\/elpueblonoticia.com.ar\/web\/wp-json\/wp\/v2\/types\/post"}],"author":[{"embeddable":true,"href":"https:\/\/elpueblonoticia.com.ar\/web\/wp-json\/wp\/v2\/users\/2"}],"replies":[{"embeddable":true,"href":"https:\/\/elpueblonoticia.com.ar\/web\/wp-json\/wp\/v2\/comments?post=4138"}],"version-history":[{"count":1,"href":"https:\/\/elpueblonoticia.com.ar\/web\/wp-json\/wp\/v2\/posts\/4138\/revisions"}],"predecessor-version":[{"id":4140,"href":"https:\/\/elpueblonoticia.com.ar\/web\/wp-json\/wp\/v2\/posts\/4138\/revisions\/4140"}],"wp:featuredmedia":[{"embeddable":true,"href":"https:\/\/elpueblonoticia.com.ar\/web\/wp-json\/wp\/v2\/media\/4143"}],"wp:attachment":[{"href":"https:\/\/elpueblonoticia.com.ar\/web\/wp-json\/wp\/v2\/media?parent=4138"}],"wp:term":[{"taxonomy":"category","embeddable":true,"href":"https:\/\/elpueblonoticia.com.ar\/web\/wp-json\/wp\/v2\/categories?post=4138"},{"taxonomy":"post_tag","embeddable":true,"href":"https:\/\/elpueblonoticia.com.ar\/web\/wp-json\/wp\/v2\/tags?post=4138"}],"curies":[{"name":"wp","href":"https:\/\/api.w.org\/{rel}","templated":true}]}}