{"id":4126,"date":"2025-11-25T11:10:40","date_gmt":"2025-11-25T14:10:40","guid":{"rendered":"https:\/\/elpueblonoticia.com.ar\/web\/?p=4126"},"modified":"2025-11-25T11:10:40","modified_gmt":"2025-11-25T14:10:40","slug":"el-gobierno-creara-la-policia-migratoria-cual-sera-su-funcion","status":"publish","type":"post","link":"https:\/\/elpueblonoticia.com.ar\/web\/2025\/11\/25\/el-gobierno-creara-la-policia-migratoria-cual-sera-su-funcion\/","title":{"rendered":"El Gobierno crear\u00e1 la Polic\u00eda Migratoria: cu\u00e1l ser\u00e1 su funci\u00f3n"},"content":{"rendered":"<p>Al igual que el gobierno de Donald Trump, la gesti\u00f3n de Javier Milei prepara el terreno para buscar en la inmigraci\u00f3n un nuevo chivo expiatorio.<\/p>\n<p>Con el objetivo de intensificar los controles y el patrullaje en las fronteras, el gobierno de\u00a0Javier Milei\u00a0avanzar\u00e1 con la creaci\u00f3n de la Polic\u00eda Migratoria, uno de los puntos contemplados en la Ley de Migraciones, y operar\u00e1 bajo la \u00f3rbita del Ministerio de Seguridad a cargo de\u00a0Patricia Bullrich, hasta el pr\u00f3ximo 10 de diciembre.<\/p>\n<p>De esta manera,\u00a0la nueva unidad policial reemplazar\u00e1 a la Gendarmer\u00eda en la cobertura de seguridad en las fronteras y a la Polic\u00eda de Seguridad Aeroportuaria (PSA) en aeropuertos.<\/p>\n<p>La creaci\u00f3n de esta nueva fuerza de migratoria recuerda al tristemente c\u00e9lebre Servicio de Control de Inmigraci\u00f3n y Aduanas de los Estados Unidos (ICE, por sus siglas en ingl\u00e9s), que est\u00e1 detr\u00e1s de la persecuci\u00f3n y deportaci\u00f3n de miles de inmigrantes en ese pa\u00eds.<\/p>\n<p>Por orden del presidente Donald Trump, esta fuerza realiza razias en las principales ciudades de los Estados Unidos deteniendo a personas al azar siguiendo l\u00f3gicas racistas en busca de inmigrantes ilegales. Tras ser aprehendidos estas personas son alojadas en centros de detenci\u00f3n sobre los que pesan duros cuestionamientos, incomunicados y deportados sin posibilidad de defensa ni apelaci\u00f3n.<\/p>\n<p><a class=\"fotos-desarrollo unlink\" title=\"El Gobierno crear\u00e1 la Polic\u00eda Migratoria: cu\u00e1l ser\u00e1 su funci\u00f3n\" href=\"https:\/\/www.radiosudamericana.com\/notix\/multimedia\/imagenes\/fotos\/2025-11-25\/119255.jpg\"><img decoding=\"async\" class=\"img-responsive\" src=\"https:\/\/www.radiosudamericana.com\/notix\/multimedia\/imagenes\/fotos\/2025-11-25\/119255.jpg_nota.jpg\" \/><\/a><\/p>\n<p>Desde el gobierno libertario explicaron que esta decisi\u00f3n se debe a que\u00a0&#8220;hace falta profesionalizar Migraciones&#8221;.<\/p>\n<p>Los mismos voceros se\u00f1alaron que\u00a0\u201cest\u00e1 la decisi\u00f3n pol\u00edtica\u201d de crear esta nueva unidad para mejorar el control y los patrullajes en las fronteras, sobre todo lo relacionado al ingreso de delincuentes y delitos como el contrabando, y para eso se est\u00e1 trabajando en \u201cel dise\u00f1o de la estructura, la direcci\u00f3n y el presupuesto\u201d.<\/p>\n<p>\u201cHay que hacerlo inmediatamente, es un cambio cultural. Se adecuar\u00e1 Migraciones que sigue en la \u00f3rbita de Seguridad\u201d, enfatizaron. A partir del 10 de diciembre, la nueva titular de la cartera ser\u00e1\u00a0Alejandra Monteoliva, cuando la actual ministra Bullrich asuma su banca en el Senado.<\/p>\n<p><a class=\"fotos-desarrollo unlink\" title=\"El Gobierno crear\u00e1 la Polic\u00eda Migratoria: cu\u00e1l ser\u00e1 su funci\u00f3n\" href=\"https:\/\/www.radiosudamericana.com\/notix\/multimedia\/imagenes\/fotos\/2025-11-25\/297675.jpg\"><img decoding=\"async\" class=\"img-responsive\" src=\"https:\/\/www.radiosudamericana.com\/notix\/multimedia\/imagenes\/fotos\/2025-11-25\/297675.jpg_nota.jpg\" \/><\/a><\/p>\n<p>&#8220;Lo l\u00f3gico es que Migraciones controle los pasos sino es un desperdicio. Habr\u00eda reasignaci\u00f3n de recursos. La estructura administrativa ya est\u00e1 armada por Migraciones&#8221;, agregaron desde el Gobierno.<\/p>\n<p>Seg\u00fan anticiparon,\u00a0la Polic\u00eda Migratoria estar\u00e1 integrada por efectivos de otras fuerzas que deber\u00e1n ser capacitados para intensificar los controles en las fronteras.<\/p>\n<p><a class=\"fotos-desarrollo unlink\" title=\"El Gobierno crear\u00e1 la Polic\u00eda Migratoria: cu\u00e1l ser\u00e1 su funci\u00f3n\" href=\"https:\/\/www.radiosudamericana.com\/notix\/multimedia\/imagenes\/fotos\/2025-11-25\/346643.jpg\"><img decoding=\"async\" class=\"img-responsive\" src=\"https:\/\/www.radiosudamericana.com\/notix\/multimedia\/imagenes\/fotos\/2025-11-25\/346643.jpg_nota.jpg\" \/><\/a><\/p>\n<p>En el marco de las modificaciones que est\u00e1 estableciendo la gesti\u00f3n libertaria, meses atr\u00e1s, el presidente Milei anunci\u00f3 la creaci\u00f3n del Departamento Federal de Investigaciones (DFI) en un acto junto a Bullrich, una copia del FBI estadounidense.<\/p>\n","protected":false},"excerpt":{"rendered":"<p>Al igual que el gobierno de Donald Trump, la gesti\u00f3n de Javier Milei prepara el terreno para buscar en la inmigraci\u00f3n un nuevo chivo expiatorio. Con el objetivo de intensificar los controles y el patrullaje en las fronteras, el gobierno de\u00a0Javier Milei\u00a0avanzar\u00e1 con la creaci\u00f3n de la Polic\u00eda Migratoria, uno de los puntos contemplados en [&hellip;]<\/p>\n","protected":false},"author":2,"featured_media":4127,"comment_status":"open","ping_status":"open","sticky":false,"template":"","format":"standard","meta":{"footnotes":""},"categories":[66],"tags":[],"class_list":{"0":"post-4126","1":"post","2":"type-post","3":"status-publish","4":"format-standard","5":"has-post-thumbnail","7":"category-politica-nacionales"},"_links":{"self":[{"href":"https:\/\/elpueblonoticia.com.ar\/web\/wp-json\/wp\/v2\/posts\/4126","targetHints":{"allow":["GET"]}}],"collection":[{"href":"https:\/\/elpueblonoticia.com.ar\/web\/wp-json\/wp\/v2\/posts"}],"about":[{"href":"https:\/\/elpueblonoticia.com.ar\/web\/wp-json\/wp\/v2\/types\/post"}],"author":[{"embeddable":true,"href":"https:\/\/elpueblonoticia.com.ar\/web\/wp-json\/wp\/v2\/users\/2"}],"replies":[{"embeddable":true,"href":"https:\/\/elpueblonoticia.com.ar\/web\/wp-json\/wp\/v2\/comments?post=4126"}],"version-history":[{"count":1,"href":"https:\/\/elpueblonoticia.com.ar\/web\/wp-json\/wp\/v2\/posts\/4126\/revisions"}],"predecessor-version":[{"id":4128,"href":"https:\/\/elpueblonoticia.com.ar\/web\/wp-json\/wp\/v2\/posts\/4126\/revisions\/4128"}],"wp:featuredmedia":[{"embeddable":true,"href":"https:\/\/elpueblonoticia.com.ar\/web\/wp-json\/wp\/v2\/media\/4127"}],"wp:attachment":[{"href":"https:\/\/elpueblonoticia.com.ar\/web\/wp-json\/wp\/v2\/media?parent=4126"}],"wp:term":[{"taxonomy":"category","embeddable":true,"href":"https:\/\/elpueblonoticia.com.ar\/web\/wp-json\/wp\/v2\/categories?post=4126"},{"taxonomy":"post_tag","embeddable":true,"href":"https:\/\/elpueblonoticia.com.ar\/web\/wp-json\/wp\/v2\/tags?post=4126"}],"curies":[{"name":"wp","href":"https:\/\/api.w.org\/{rel}","templated":true}]}}