{"id":4118,"date":"2025-11-25T10:33:37","date_gmt":"2025-11-25T13:33:37","guid":{"rendered":"https:\/\/elpueblonoticia.com.ar\/web\/?p=4118"},"modified":"2025-11-25T10:33:37","modified_gmt":"2025-11-25T13:33:37","slug":"la-ucr-de-crisis-en-crisis-quien-podria-ser-su-nuevo-presidente-y-una-pelea-feroz-en-el-congreso","status":"publish","type":"post","link":"https:\/\/elpueblonoticia.com.ar\/web\/2025\/11\/25\/la-ucr-de-crisis-en-crisis-quien-podria-ser-su-nuevo-presidente-y-una-pelea-feroz-en-el-congreso\/","title":{"rendered":"La UCR, de crisis en crisis: qui\u00e9n podr\u00eda ser su nuevo presidente y una pelea feroz en el Congreso"},"content":{"rendered":"<h2>Mart\u00edn Lousteau deja la titularidad del partido y hay que elegir a otro jefe.La presi\u00f3n de los gobernadores que ganaron en sus provincias y el desbande parlamentario<\/h2>\n<p>La disputa por la presidencia de la UCR impacta de lleno en el Congreso. El Comit\u00e9 Nacional definir\u00e1 qui\u00e9n reemplaza a Mart\u00edn Lousteau el 12 de diciembre y frente a la ca\u00edda dr\u00e1stica de representantes en el Congreso, el radicalismo pelea por bloques unidos en ambas C\u00e1maras. El rol de los gobernadores ser\u00e1 clave.<\/p>\n<p>&nbsp;<\/p>\n<p>Como cont\u00f3 Clar\u00edn, la falta de una estrategia partidaria nacional sumada a que arriesgaban el 70% de sus bancas hizo que el partido centenario viva\u00a0<b>una de sus peores elecciones<\/b>.<\/p>\n<p>&nbsp;<\/p>\n<p>En Diputados, la figura de\u00a0<b>Javier Milei\u00a0<\/b>ya hab\u00eda hecho estragos en la bancada radical presidida por Rodrigo de Loredo, que en los \u00faltimos dos a\u00f1os\u00a0<b>se parti\u00f3 en cuatro. De los 33 iniciales terminaron siendo 14.\u00a0<\/b>Este a\u00f1o se les venc\u00eda el mandato a 11 de ellos y s\u00f3lo pudieron retener 3 lugares.<\/p>\n<p><img data-src=\"https:\/\/www.clarin.com\/img\/2025\/10\/26\/_KADolhDf_720x0__1.jpg\" \/>Alfredo Cornejo y Luis Petri, radicales mendocinos.<\/p>\n<p>Por eso,\u00a0<b>hasta ahora, la bancada colorada oficial tiene 6 legisladores asegurados en Diputados<\/b>: los mendocinos que responden a Alfredo Cornejo (Pamela Verasay y Lisandro Nieri), quien aunque compiti\u00f3 con la boleta de La Libertad Avanza, aseguran que sus legisladores se quedar\u00e1n en el bloque radical. En cambio, su cabeza de lista,\u00a0<b>el ex radical Luis Petri integrar\u00e1 el bloque de LLA<\/b>.<\/p>\n<p>&nbsp;<\/p>\n<p>A ellos se les sumar\u00edan\u00a0<b>Dar\u00edo Schneider\u00a0<\/b>de Entre R\u00edos y\u00a0<b>Guillermo Aguero y Gerardo Cipolini<\/b>\u00a0de Chaco. Los tres que tambi\u00e9n a responden a gobernadores (Rogelio Frigerio y Leandro Zdero, respectivamente) que jugaron junto a Javier Milei en la elecci\u00f3n nacional. A ellos se suma la bonaerense\u00a0<b>Karina Banfi<\/b>, quien tiene mandato hasta 2027.<\/p>\n<p>&nbsp;<\/p>\n<p>Los tres &#8220;radicales peluca&#8221; ya confirmaron esta semana que no vuelven al redil. Por lo contrario se terminaron de saltar al oficialismo e integrar\u00e1n la bancada de La Libertad Avanza.<\/p>\n<p><img data-src=\"https:\/\/www.clarin.com\/img\/2025\/11\/22\/dlDBsQpgn_720x0__1.jpg\" \/>Los &#8220;radicales pelucas&#8221; junto a Mart\u00edn Menem.<\/p>\n<h2>Aliados u opositores a Milei; el dilema de fondo en la UCR<\/h2>\n<p>En este contexto\u00a0<b>lo que pase con la conducci\u00f3n del Comit\u00e9 Nacional impactar\u00e1 de lleno en el futuro del Partido y de los bloques<\/b>. El 12 de diciembre el Partido elegir\u00e1 al reemplazante de Lousteau, quien ya confirm\u00f3 que no buscar\u00e1 la reelecci\u00f3n.<\/p>\n<p>Lousteau, de hecho, ser\u00e1 diputado a partir del 10 de diciembre (entr\u00f3 con lo justo) pero\u00a0<b>no integrar\u00e1 el bloque de la UCR sino el de Provincias Unidas;<\/b>\u00a0el sello que idearon un grupo de gobernadores para competirle al Gobierno y al kirchnerismo (y no le fue muy bien). Con \u00e9l se ubicar\u00e1 otra radical:\u00a0<b>Mariela Coletta<\/b>, quien actualmente integra la bancada de radicales opositores a Milei,\u00a0<b>Democracia para Siempre<\/b>, que tambi\u00e9n qued\u00f3 licuada.<\/p>\n<p>&nbsp;<\/p>\n<p>Pero<b>\u00a0tambi\u00e9n fueron parte del armado de Provincias Unidas tres gobernadores radicales: el correntino Gustavo Vald\u00e9s, el juje\u00f1o Carlos Sadir y el santafesino Maximiliano Pullaro.<\/b><\/p>\n<p><b>Vald\u00e9s fue el \u00fanico radical que consigui\u00f3 imponerse, con superioridad, sin haber hecho alianza con el Gobierno.<\/b>\u00a0Eso lo dej\u00f3 posicionado como candidato a la presidencia de la UCR. De hecho, el operativo clamor ya empez\u00f3 en redes.<\/p>\n<p><img data-src=\"https:\/\/www.clarin.com\/img\/2025\/11\/22\/4ZrreM6T-_720x0__1.jpg\" \/><\/p>\n<p>Lo cierto es que Vald\u00e9s intent\u00f3 un acuerdo electoral con LLA pero Karina Milei se lo neg\u00f3 porque prefiri\u00f3 ir con candidatos propios en su provincia. Desde ese momento, el mandatario<b>\u00a0endureci\u00f3 much\u00edsimo la posici\u00f3n con el Gobierno.<\/b><\/p>\n<p><b>Tiene el aval de Sadir, Pullaro y el sector de Lousteau y el armador porte\u00f1o Emiliano Yacobitti frente al Comit\u00e9, pero incomoda a Cornejo y Zdero que preferir\u00edan otra opci\u00f3n, aunque aseguran que ellos no quieren asumir.<\/b><\/p>\n<p>&nbsp;<\/p>\n<p>Otros se\u00f1alaron como posible competidor al senador bonaerense\u00a0<b>Maximiliano Abad<\/b>, pero desde su entorno tambi\u00e9n niegan que quiera participar de la contienda. &#8220;<b>No est\u00e1 en sus planes&#8221;<\/b>, sentenciaron.<\/p>\n<p>&#8220;Se apuran por decidir nombres y no por la l\u00ednea que debe seguir el Partido&#8221;, analiz\u00f3 una fuente radical. En ese sentido, varios mandatarios tambi\u00e9n analizan su postura porque aseguran que &#8220;la luna de miel va a durar poco&#8221; si, como dijo el salte\u00f1o Gustavo S\u00e1enz, &#8220;el poncho no aparece&#8221;.<\/p>\n<p>En otras palabras, advierten que si otra vez el Ejecutivo hace promesas (de fondos y obras) que no cumple<b>\u00a0la tensi\u00f3n con los mandatarios va a volver a escalar.<\/b><\/p>\n<h2>El impacto en los bloques<\/h2>\n<p>Lo que pase impacta de lleno en los bloques del Congreso. Si llega a ser Vald\u00e9s el presidente del partido,\u00a0<b>el correntino Eduardo Vischi tendr\u00eda que dejar la presidencia del bloque de la UCR en el Senado<\/b>, donde sostener la unidad del radicalismo parece m\u00e1s factible. &#8220;El comit\u00e9 y el bloque no los conducen las mismas provincias&#8221;, explica un radical.<\/p>\n<p>&nbsp;<\/p>\n<p>En Diputados el panorama es m\u00e1s complicado. La bancada de Provincias Unidas est\u00e1 contando como propios no solo a Lousteau y a Coletta, sino tambi\u00e9n a Pablo Juliano -radical d\u00edscolo aliado a Facundo Manes que qued\u00f3 en soledad en la C\u00e1mara- y\u00a0<b>a los diputados de Vald\u00e9s y Sadir:\u00a0<\/b>Di\u00f3genes Gonzalez, y Mar\u00eda In\u00e9s Zigar\u00e1n, y Mario Pizarro<\/p>\n<p>&nbsp;<\/p>\n<p>Pero\u00a0<b>si Vald\u00e9s quedara al frente de la UCR ser\u00eda il\u00f3gico que, al menos su diputado, no integre la bancada radical oficial<\/b>. \u00bfQu\u00e9 har\u00edan en ese caso los otros mandatarios radicales? Un foco de tensi\u00f3n se abre con Provincias Unidas.<\/p>\n<p>En el Parlamento, bregan por la unificaci\u00f3n. &#8220;La idea es que tengamos un m\u00e9todo de toma de decisiones y no tanto fijaci\u00f3n de nombres propios.\u00a0<b>Tenemos que reconstruir una identidad radical\u00a0<\/b>con una agenda que incluya a las 5 provincias que gobernamos y que los que no gobiernan tengan tambi\u00e9n un espacio de apoyo y contenci\u00f3n para posicionarse. Un bloque con identidad propia&#8221;, resumi\u00f3 una legisladora que participa de las conversaciones.<\/p>\n","protected":false},"excerpt":{"rendered":"<p>Mart\u00edn Lousteau deja la titularidad del partido y hay que elegir a otro jefe.La presi\u00f3n de los gobernadores que ganaron en sus provincias y el desbande parlamentario La disputa por la presidencia de la UCR impacta de lleno en el Congreso. El Comit\u00e9 Nacional definir\u00e1 qui\u00e9n reemplaza a Mart\u00edn Lousteau el 12 de diciembre y [&hellip;]<\/p>\n","protected":false},"author":2,"featured_media":4119,"comment_status":"open","ping_status":"open","sticky":false,"template":"","format":"standard","meta":{"footnotes":""},"categories":[66],"tags":[],"class_list":{"0":"post-4118","1":"post","2":"type-post","3":"status-publish","4":"format-standard","5":"has-post-thumbnail","7":"category-politica-nacionales"},"_links":{"self":[{"href":"https:\/\/elpueblonoticia.com.ar\/web\/wp-json\/wp\/v2\/posts\/4118","targetHints":{"allow":["GET"]}}],"collection":[{"href":"https:\/\/elpueblonoticia.com.ar\/web\/wp-json\/wp\/v2\/posts"}],"about":[{"href":"https:\/\/elpueblonoticia.com.ar\/web\/wp-json\/wp\/v2\/types\/post"}],"author":[{"embeddable":true,"href":"https:\/\/elpueblonoticia.com.ar\/web\/wp-json\/wp\/v2\/users\/2"}],"replies":[{"embeddable":true,"href":"https:\/\/elpueblonoticia.com.ar\/web\/wp-json\/wp\/v2\/comments?post=4118"}],"version-history":[{"count":1,"href":"https:\/\/elpueblonoticia.com.ar\/web\/wp-json\/wp\/v2\/posts\/4118\/revisions"}],"predecessor-version":[{"id":4120,"href":"https:\/\/elpueblonoticia.com.ar\/web\/wp-json\/wp\/v2\/posts\/4118\/revisions\/4120"}],"wp:featuredmedia":[{"embeddable":true,"href":"https:\/\/elpueblonoticia.com.ar\/web\/wp-json\/wp\/v2\/media\/4119"}],"wp:attachment":[{"href":"https:\/\/elpueblonoticia.com.ar\/web\/wp-json\/wp\/v2\/media?parent=4118"}],"wp:term":[{"taxonomy":"category","embeddable":true,"href":"https:\/\/elpueblonoticia.com.ar\/web\/wp-json\/wp\/v2\/categories?post=4118"},{"taxonomy":"post_tag","embeddable":true,"href":"https:\/\/elpueblonoticia.com.ar\/web\/wp-json\/wp\/v2\/tags?post=4118"}],"curies":[{"name":"wp","href":"https:\/\/api.w.org\/{rel}","templated":true}]}}