{"id":4114,"date":"2025-11-25T10:25:11","date_gmt":"2025-11-25T13:25:11","guid":{"rendered":"https:\/\/elpueblonoticia.com.ar\/web\/?p=4114"},"modified":"2025-11-25T10:25:11","modified_gmt":"2025-11-25T13:25:11","slug":"marcelo-gallardo-califico-de-negativo-el-ano-de-river","status":"publish","type":"post","link":"https:\/\/elpueblonoticia.com.ar\/web\/2025\/11\/25\/marcelo-gallardo-califico-de-negativo-el-ano-de-river\/","title":{"rendered":"Marcelo Gallardo calific\u00f3 de negativo el a\u00f1o de River"},"content":{"rendered":"<p>El DT admiti\u00f3 fallas propias y del equipo, pero afirm\u00f3 que no \u201cescapar\u00e1\u201d al mal momento.<\/p>\n<p><strong>Marcelo Gallardo<\/strong>\u00a0calific\u00f3 de \u201c<strong>p\u00e9simo<\/strong>\u201d el \u00faltimo trimestre de\u00a0<strong>River\u00a0<\/strong>y confirm\u00f3 que\u00a0<strong>continuar\u00e1 al frente del plantel en 2026.\u00a0<\/strong>La dura eliminaci\u00f3n en el\u00a0<strong>Torneo Clausura\u00a0<\/strong>ante\u00a0<strong>Racing\u00a0<\/strong>volvi\u00f3 a exponer la crisis futbol\u00edstica del club.<\/p>\n<div class=\"container-spot\" data-tipo=\"tipo_todo\" data-pos=\"NEW_P1_cuerpo\">\n<div class=\"gpt-load\" data-gpt=\"\/22675780113\/nota\/new_p1_cuerpo\" data-size=\"[[728, 90]]\" data-gpt-mobile=\"\/22675780113\/nota\/new_p1_cuerpo\" data-size-mobile=\"[[320, 100],[300, 250],[300, 100],[300, 50]]\"><\/div>\n<\/div>\n<p>El Millonario cay\u00f3 3 a 2 en\u00a0<strong>Avellaneda<\/strong>\u00a0y qued\u00f3\u00a0<strong>afuera en octavos de final<\/strong>. Cerr\u00f3 una seguidilla de golpes que incluy\u00f3 la eliminaci\u00f3n ante\u00a0<strong>Palmeiras<\/strong>\u00a0en la\u00a0<strong>Copa Libertadores<\/strong>, la derrota en Copa Argentina ante Independiente Rivadavia, el Supercl\u00e1sico perdido. Adem\u00e1s, se suma la\u00a0<strong>peor racha de ca\u00eddas consecutivas en el Monumental\u00a0<\/strong>en casi un siglo.<\/p>\n<p>\u201cEl partido de hoy puede ser una consecuencia de lo que fue este \u00faltimo trimestre. Claramente nos ha sido muy dif\u00edcil sostenernos como equipo y estamos desilusionados por c\u00f3mo lo terminamos. No fue un final de a\u00f1o como hubi\u00e9semos querido\u201d, reconoci\u00f3 Gallardo en conferencia. Y remarc\u00f3: \u201cEs un a\u00f1o totalmente negativo e inc\u00f3modo para nosotros\u201d.<\/p>\n<div class=\"container-spot\" data-tipo=\"tipo_todo\" data-pos=\"NEW_P2_cuerpo\">\n<div class=\"gpt-load\" data-gpt=\"\/22675780113\/nota\/new_p2_cuerpo\" data-size=\"[[728, 90]]\" data-gpt-mobile=\"\/22675780113\/nota\/new_p2_cuerpo\" data-size-mobile=\"[[320, 100],[320, 50],[300, 600],[300, 250],[300, 100],[300, 50]]\"><\/div>\n<\/div>\n<p>Consultado por el\u00a0<strong>futuro internacional del club<\/strong>, el DT fue contundente: \u201cNo tener que depender de nosotros es inc\u00f3modo. No le tengo miedo a empezar el a\u00f1o desde el lugar que corresponda, con la cabeza totalmente renovada y haci\u00e9ndome cargo de lo que venga\u201d.<\/p>\n<p>Gallardo sostuvo que la \u00fanica salida es trabajar y revisar errores: \u201cHay que hacerse cargo.<strong>\u00a0Asumo la responsabilidad<\/strong>\u00a0de este momento y de este a\u00f1o, pero me tomar\u00e9 estos d\u00edas para reflexionar y revisar, para cambiar. Esto no va a terminar as\u00ed\u201d.<\/p>\n<div class=\"container-spot\" data-tipo=\"tipo_todo\" data-pos=\"NEW_P3_cuerpo\">\n<div class=\"gpt-load\" data-gpt=\"\/22675780113\/nota\/new_p3_cuerpo\" data-size=\"[[728, 90]]\" data-gpt-mobile=\"\/22675780113\/nota\/new_p3_cuerpo\" data-size-mobile=\"[[320, 100],[320, 50],[300, 250],[300, 100],[300, 50]]\"><\/div>\n<\/div>\n<p>El entrenador profundiz\u00f3 su\u00a0<strong>autocr\u00edtica:\u00a0<\/strong>\u201cSeguramente he fallado y soy muy autocr\u00edtico conmigo. Es un a\u00f1o malo dentro de mi carrera como entrenador, y lo asumo\u201d. Tambi\u00e9n describi\u00f3 q<strong>u\u00e9 le falt\u00f3 al equipo:<\/strong>\u00a0\u201cNo hemos sido un equipo fuerte mental, f\u00edsica y futbol\u00edsticamente y yo no pude generar que el equipo d\u00e9 ese salto de calidad\u201d.<\/p>\n<p>Aun as\u00ed, asegur\u00f3 que continuar\u00e1: \u201cYo no le voy a escapar a este momento, voy a dar la cara como tiene que ser.\u00a0Cuando yo decida, o cuando decidan, que no estoy capacitado, ah\u00ed ser\u00e9 el primero en decir \u2018me corro\u2019\u201d.<\/p>\n<div class=\"container-spot\" data-tipo=\"tipo_todo\" data-pos=\"NEW_P4_cuerpo\">\n<div class=\"gpt-load\" data-gpt=\"\/22675780113\/nota\/new_p4_cuerpo\" data-size=\"[[728, 90]]\" data-gpt-mobile=\"\/22675780113\/nota\/new_p4_cuerpo\" data-size-mobile=\"[[300, 600],[300, 250],[300, 100],[300, 50],[320, 100],[320, 50]]\"><\/div>\n<\/div>\n<p>Con este cierre, River concluye su\u00a0<strong>temporada m\u00e1s floja desde el descens<\/strong>o y la peor en el ciclo Gallardo. El plantel no volver\u00e1 a competir oficialmente hasta enero, una pausa extensa pero necesaria para intentar recomponer un a\u00f1o marcado por frustraciones.<\/p>\n","protected":false},"excerpt":{"rendered":"<p>El DT admiti\u00f3 fallas propias y del equipo, pero afirm\u00f3 que no \u201cescapar\u00e1\u201d al mal momento. Marcelo Gallardo\u00a0calific\u00f3 de \u201cp\u00e9simo\u201d el \u00faltimo trimestre de\u00a0River\u00a0y confirm\u00f3 que\u00a0continuar\u00e1 al frente del plantel en 2026.\u00a0La dura eliminaci\u00f3n en el\u00a0Torneo Clausura\u00a0ante\u00a0Racing\u00a0volvi\u00f3 a exponer la crisis futbol\u00edstica del club. El Millonario cay\u00f3 3 a 2 en\u00a0Avellaneda\u00a0y qued\u00f3\u00a0afuera en octavos de [&hellip;]<\/p>\n","protected":false},"author":2,"featured_media":4115,"comment_status":"open","ping_status":"open","sticky":false,"template":"","format":"standard","meta":{"footnotes":""},"categories":[76],"tags":[],"class_list":{"0":"post-4114","1":"post","2":"type-post","3":"status-publish","4":"format-standard","5":"has-post-thumbnail","7":"category-deportes"},"_links":{"self":[{"href":"https:\/\/elpueblonoticia.com.ar\/web\/wp-json\/wp\/v2\/posts\/4114","targetHints":{"allow":["GET"]}}],"collection":[{"href":"https:\/\/elpueblonoticia.com.ar\/web\/wp-json\/wp\/v2\/posts"}],"about":[{"href":"https:\/\/elpueblonoticia.com.ar\/web\/wp-json\/wp\/v2\/types\/post"}],"author":[{"embeddable":true,"href":"https:\/\/elpueblonoticia.com.ar\/web\/wp-json\/wp\/v2\/users\/2"}],"replies":[{"embeddable":true,"href":"https:\/\/elpueblonoticia.com.ar\/web\/wp-json\/wp\/v2\/comments?post=4114"}],"version-history":[{"count":1,"href":"https:\/\/elpueblonoticia.com.ar\/web\/wp-json\/wp\/v2\/posts\/4114\/revisions"}],"predecessor-version":[{"id":4116,"href":"https:\/\/elpueblonoticia.com.ar\/web\/wp-json\/wp\/v2\/posts\/4114\/revisions\/4116"}],"wp:featuredmedia":[{"embeddable":true,"href":"https:\/\/elpueblonoticia.com.ar\/web\/wp-json\/wp\/v2\/media\/4115"}],"wp:attachment":[{"href":"https:\/\/elpueblonoticia.com.ar\/web\/wp-json\/wp\/v2\/media?parent=4114"}],"wp:term":[{"taxonomy":"category","embeddable":true,"href":"https:\/\/elpueblonoticia.com.ar\/web\/wp-json\/wp\/v2\/categories?post=4114"},{"taxonomy":"post_tag","embeddable":true,"href":"https:\/\/elpueblonoticia.com.ar\/web\/wp-json\/wp\/v2\/tags?post=4114"}],"curies":[{"name":"wp","href":"https:\/\/api.w.org\/{rel}","templated":true}]}}