{"id":4110,"date":"2025-11-25T10:19:01","date_gmt":"2025-11-25T13:19:01","guid":{"rendered":"https:\/\/elpueblonoticia.com.ar\/web\/?p=4110"},"modified":"2025-11-25T10:19:01","modified_gmt":"2025-11-25T13:19:01","slug":"el-gobierno-contra-la-afa-federico-sturzenegger-difundio-un-informe-de-favores-arbitrales","status":"publish","type":"post","link":"https:\/\/elpueblonoticia.com.ar\/web\/2025\/11\/25\/el-gobierno-contra-la-afa-federico-sturzenegger-difundio-un-informe-de-favores-arbitrales\/","title":{"rendered":"El Gobierno contra la AFA: Federico Sturzenegger difundi\u00f3 un informe de favores arbitrales"},"content":{"rendered":"<p>La acusaci\u00f3n involucra directamente a Claudio \u201cChiqui\u201d Tapia y gener\u00f3 respaldo pol\u00edtico del presidente Javier Milei.<\/p>\n<p>l\u00a0<strong>ministro\u00a0<\/strong>de Transformaci\u00f3n y Desregulaci\u00f3n del Estado,\u00a0<strong>Federico Sturzenegger,<\/strong>\u00a0public\u00f3 un informe en torno la\u00a0<strong>pol\u00e9mica arbitral\u00a0<\/strong>que rodea a\u00a0<strong>Barracas Central.<\/strong><\/p>\n<div class=\"container-spot\" data-tipo=\"tipo_todo\" data-pos=\"NEW_P1_cuerpo\">\n<div class=\"gpt-load\" data-gpt=\"\/22675780113\/nota\/new_p1_cuerpo\" data-size=\"[[728, 90]]\" data-gpt-mobile=\"\/22675780113\/nota\/new_p1_cuerpo\" data-size-mobile=\"[[320, 100],[300, 250],[300, 100],[300, 50]]\"><\/div>\n<\/div>\n<p>El estudio\u00a0asegura que el club habr\u00eda recibido\u00a0<strong>beneficios arbitrales\u00a0<\/strong>estad\u00edsticamente significativos desde la llegada de\u00a0<strong>Claudio \u201cChiqui\u201d Tapia\u00a0<\/strong>a la presidencia de la\u00a0<strong>AFA<\/strong>.<\/p>\n<p>Seg\u00fan el funcionario, el equipo porte\u00f1o \u201c<strong>recibe 8% m\u00e1s de fallos favorables y 28% menos de sanciones en contra\u201d.\u00a0<\/strong>De acuerdo con su an\u00e1lisis, esto equivaldr\u00eda a una ventaja de entre 9 y 18 puntos en un torneo de 28 fechas.<\/p>\n<div class=\"container-spot\" data-tipo=\"tipo_todo\" data-pos=\"NEW_P2_cuerpo\">\n<div class=\"gpt-load\" data-gpt=\"\/22675780113\/nota\/new_p2_cuerpo\" data-size=\"[[728, 90]]\" data-gpt-mobile=\"\/22675780113\/nota\/new_p2_cuerpo\" data-size-mobile=\"[[320, 100],[320, 50],[300, 600],[300, 250],[300, 100],[300, 50]]\"><\/div>\n<\/div>\n<p>&nbsp;<\/p>\n<div class=\"fixed-container direction-center\"><img decoding=\"async\" class=\"i-amphtml-fill-content i-amphtml-replaced-content\" title=\"El Gobierno contra la AFA: Federico Sturzenegger difundi\u00f3 un informe de favores arbitrales-\" src=\"https:\/\/pxcdn.ellitoral.com.ar\/litoral\/112025\/1764076027573.jpg?cw=807\" alt=\"El Gobierno contra la AFA: Federico Sturzenegger difundi\u00f3 un informe de favores arbitrales\" \/><\/p>\n<div class=\"img-epigrafe\">Gr\u00e1ficos con fallos a favor de Barracas.<\/div>\n<\/div>\n<p>&nbsp;<\/p>\n<p>La difusi\u00f3n del estudio, realizada este lunes por la noche en la\u00a0<strong>red X<\/strong>, fue acompa\u00f1ada por un mensaje ir\u00f3nico del ministro (<strong>\u201c\u00a1Secame una nuca!\u201d<\/strong>) y r\u00e1pidamente obtuvo el respaldo del presidente\u00a0<strong>Javier Mile<\/strong>i, quien calific\u00f3 el documento como un \u201cdemoledor resultado\u201d.<\/p>\n<div class=\"container-spot\" data-tipo=\"tipo_todo\" data-pos=\"NEW_P3_cuerpo\">\n<div class=\"gpt-load\" data-gpt=\"\/22675780113\/nota\/new_p3_cuerpo\" data-size=\"[[728, 90]]\" data-gpt-mobile=\"\/22675780113\/nota\/new_p3_cuerpo\" data-size-mobile=\"[[320, 100],[320, 50],[300, 250],[300, 100],[300, 50]]\"><\/div>\n<\/div>\n<p>El informe, titulado\u00a0<strong>\u201cParcialidades arbitrales en el f\u00fatbol argentino: el caso de Barracas Central\u201d,<\/strong>\u00a0sostiene que desde 2017 el club obtuvo\u00a0<strong>\u201cun trato arbitral favorable\u201d<\/strong>\u00a0que deriv\u00f3 en \u201cresultados significativamente mejores que los proyectados por un escenario contrafactual\u201d.<\/p>\n<p>Sturzenegger explic\u00f3 que el trabajo se realiz\u00f3 mediante m\u00e9todo de control sint\u00e9tico y t\u00e9cnicas avanzadas de\u00a0<strong>machine learning<\/strong>. Adem\u00e1s, los datos\u00a0y las estad\u00edsticas se tomaron de todas las divisiones en las que compiti\u00f3 Barracas durante la \u00faltima d\u00e9cada: Primera B Metropolitana, Primera Nacional y Primera Divisi\u00f3n.<\/p>\n<div class=\"container-spot\" data-tipo=\"tipo_todo\" data-pos=\"NEW_P4_cuerpo\">\n<div class=\"gpt-load\" data-gpt=\"\/22675780113\/nota\/new_p4_cuerpo\" data-size=\"[[728, 90]]\" data-gpt-mobile=\"\/22675780113\/nota\/new_p4_cuerpo\" data-size-mobile=\"[[300, 600],[300, 250],[300, 100],[300, 50],[320, 100],[320, 50]]\"><\/div>\n<\/div>\n<p>Seg\u00fan el documento, el an\u00e1lisis arroja que\u00a0<strong>Barracas Central acumul\u00f3 entre 8,5 y 18,5 puntos m\u00e1s de los esperados\u00a0<\/strong>sin esa presunta ventaja.<\/p>\n<p>&nbsp;<\/p>\n<div class=\"fixed-container direction-center\"><img decoding=\"async\" class=\"i-amphtml-fill-content i-amphtml-replaced-content\" title=\"El Gobierno contra la AFA: Federico Sturzenegger difundi\u00f3 un informe de favores arbitrales-\" src=\"https:\/\/pxcdn.ellitoral.com.ar\/litoral\/112025\/1764076160778.jpg?cw=807\" alt=\"El Gobierno contra la AFA: Federico Sturzenegger difundi\u00f3 un informe de favores arbitrales\" \/><\/p>\n<div class=\"img-epigrafe\">Gr\u00e1ficos con fallos en contra de Barracas.<\/div>\n<\/div>\n<p>&nbsp;<\/p>\n<div class=\"container-spot\" data-tipo=\"tipo_todo\" data-pos=\"NEW_P5_cuerpo\">\n<div class=\"gpt-load\" data-gpt=\"\/22675780113\/nota\/new_p5_cuerpo\" data-size=\"[[728, 90]]\" data-gpt-mobile=\"\/22675780113\/nota\/new_p5_cuerpo\" data-size-mobile=\"[[300, 250],[300, 100],[300, 50]]\"><\/div>\n<\/div>\n<p>El presidente\u00a0<strong>Milei\u00a0<\/strong>reforz\u00f3 la denuncia al citar el informe y afirmar que revela \u201cirregularidad en los arbitrajes que muchos susurran y que nadie denuncia\u201d. Esto se suma a una publicaci\u00f3n previa\u00a0de una\u00a0camiseta de Estudiantes de La Plata despu\u00e9s de la victoria ante Rosario Central, que fue acompa\u00f1ada\u00a0de\u00a0un mensaje que agregaba condimentos pol\u00edticos y deportivos a la controversia que ahora enfrenta a la AFA con el Gobierno nacional.<\/p>\n<p>&nbsp;<\/p>\n","protected":false},"excerpt":{"rendered":"<p>La acusaci\u00f3n involucra directamente a Claudio \u201cChiqui\u201d Tapia y gener\u00f3 respaldo pol\u00edtico del presidente Javier Milei. l\u00a0ministro\u00a0de Transformaci\u00f3n y Desregulaci\u00f3n del Estado,\u00a0Federico Sturzenegger,\u00a0public\u00f3 un informe en torno la\u00a0pol\u00e9mica arbitral\u00a0que rodea a\u00a0Barracas Central. El estudio\u00a0asegura que el club habr\u00eda recibido\u00a0beneficios arbitrales\u00a0estad\u00edsticamente significativos desde la llegada de\u00a0Claudio \u201cChiqui\u201d Tapia\u00a0a la presidencia de la\u00a0AFA. Seg\u00fan el funcionario, el [&hellip;]<\/p>\n","protected":false},"author":2,"featured_media":4111,"comment_status":"open","ping_status":"open","sticky":false,"template":"","format":"standard","meta":{"footnotes":""},"categories":[76],"tags":[],"class_list":{"0":"post-4110","1":"post","2":"type-post","3":"status-publish","4":"format-standard","5":"has-post-thumbnail","7":"category-deportes"},"_links":{"self":[{"href":"https:\/\/elpueblonoticia.com.ar\/web\/wp-json\/wp\/v2\/posts\/4110","targetHints":{"allow":["GET"]}}],"collection":[{"href":"https:\/\/elpueblonoticia.com.ar\/web\/wp-json\/wp\/v2\/posts"}],"about":[{"href":"https:\/\/elpueblonoticia.com.ar\/web\/wp-json\/wp\/v2\/types\/post"}],"author":[{"embeddable":true,"href":"https:\/\/elpueblonoticia.com.ar\/web\/wp-json\/wp\/v2\/users\/2"}],"replies":[{"embeddable":true,"href":"https:\/\/elpueblonoticia.com.ar\/web\/wp-json\/wp\/v2\/comments?post=4110"}],"version-history":[{"count":1,"href":"https:\/\/elpueblonoticia.com.ar\/web\/wp-json\/wp\/v2\/posts\/4110\/revisions"}],"predecessor-version":[{"id":4112,"href":"https:\/\/elpueblonoticia.com.ar\/web\/wp-json\/wp\/v2\/posts\/4110\/revisions\/4112"}],"wp:featuredmedia":[{"embeddable":true,"href":"https:\/\/elpueblonoticia.com.ar\/web\/wp-json\/wp\/v2\/media\/4111"}],"wp:attachment":[{"href":"https:\/\/elpueblonoticia.com.ar\/web\/wp-json\/wp\/v2\/media?parent=4110"}],"wp:term":[{"taxonomy":"category","embeddable":true,"href":"https:\/\/elpueblonoticia.com.ar\/web\/wp-json\/wp\/v2\/categories?post=4110"},{"taxonomy":"post_tag","embeddable":true,"href":"https:\/\/elpueblonoticia.com.ar\/web\/wp-json\/wp\/v2\/tags?post=4110"}],"curies":[{"name":"wp","href":"https:\/\/api.w.org\/{rel}","templated":true}]}}