{"id":4101,"date":"2025-11-25T10:00:48","date_gmt":"2025-11-25T13:00:48","guid":{"rendered":"https:\/\/elpueblonoticia.com.ar\/web\/?p=4101"},"modified":"2025-11-25T10:00:48","modified_gmt":"2025-11-25T13:00:48","slug":"asuncion-de-juan-pablo-valdes-se-confirmo-hora-y-lugar","status":"publish","type":"post","link":"https:\/\/elpueblonoticia.com.ar\/web\/2025\/11\/25\/asuncion-de-juan-pablo-valdes-se-confirmo-hora-y-lugar\/","title":{"rendered":"Asunci\u00f3n de Juan Pablo Vald\u00e9s, se confirm\u00f3 hora y lugar"},"content":{"rendered":"<p><img loading=\"lazy\" decoding=\"async\" class=\"alignnone size-medium wp-image-4103\" src=\"https:\/\/elpueblonoticia.com.ar\/web\/wp-content\/uploads\/2025\/11\/gustavo-y-juan-pablo-valdes-20250831-2090372-300x169.jpg\" alt=\"\" width=\"300\" height=\"169\" srcset=\"https:\/\/elpueblonoticia.com.ar\/web\/wp-content\/uploads\/2025\/11\/gustavo-y-juan-pablo-valdes-20250831-2090372-300x169.jpg 300w, https:\/\/elpueblonoticia.com.ar\/web\/wp-content\/uploads\/2025\/11\/gustavo-y-juan-pablo-valdes-20250831-2090372-768x432.jpg 768w, https:\/\/elpueblonoticia.com.ar\/web\/wp-content\/uploads\/2025\/11\/gustavo-y-juan-pablo-valdes-20250831-2090372-747x420.jpg 747w, https:\/\/elpueblonoticia.com.ar\/web\/wp-content\/uploads\/2025\/11\/gustavo-y-juan-pablo-valdes-20250831-2090372-696x392.jpg 696w, https:\/\/elpueblonoticia.com.ar\/web\/wp-content\/uploads\/2025\/11\/gustavo-y-juan-pablo-valdes-20250831-2090372.jpg 800w\" sizes=\"auto, (max-width: 300px) 100vw, 300px\" \/><\/p>\n<p>El gobernador electo de Corrientes, Juan Pablo Vald\u00e9s, asumir\u00e1 oficialmente el martes 10 de diciembre a las 18.30 en el recinto de la Legislatura provincial. La confirmaci\u00f3n del horario completa el esquema formal del acto establecido por la Constituci\u00f3n provincial.<\/p>\n<p>Durante la ceremonia, Vald\u00e9s prestar\u00e1 juramento ante senadores y diputados y quedar\u00e1 en funciones para iniciar su mandato al frente del Poder Ejecutivo. De esta manera suceder\u00e1 a su hermano, Gustavo Vald\u00e9s, quien culmina su per\u00edodo al frente del Gobierno provincial.<\/p>\n<p>En declaraciones con Radio Sudamericana, el mandatario electo adelant\u00f3 que la integraci\u00f3n de su gabinete se conocer\u00e1 cerca de la fecha de asunci\u00f3n. Se\u00f1al\u00f3 que el anuncio se realizar\u00e1 \u201cm\u00e1s llegado al 10 de diciembre\u201d para evitar \u201cespeculaciones o suposiciones\u201d sobre los cargos.<\/p>\n<p>Con la confirmaci\u00f3n del horario, avanzan los preparativos institucionales para la jornada que marcar\u00e1 el inicio de la nueva gesti\u00f3n provincial.<\/p>\n","protected":false},"excerpt":{"rendered":"<p>El gobernador electo de Corrientes, Juan Pablo Vald\u00e9s, asumir\u00e1 oficialmente el martes 10 de diciembre a las 18.30 en el recinto de la Legislatura provincial. La confirmaci\u00f3n del horario completa el esquema formal del acto establecido por la Constituci\u00f3n provincial. Durante la ceremonia, Vald\u00e9s prestar\u00e1 juramento ante senadores y diputados y quedar\u00e1 en funciones para [&hellip;]<\/p>\n","protected":false},"author":2,"featured_media":4102,"comment_status":"open","ping_status":"open","sticky":false,"template":"","format":"standard","meta":{"footnotes":""},"categories":[66],"tags":[],"class_list":{"0":"post-4101","1":"post","2":"type-post","3":"status-publish","4":"format-standard","5":"has-post-thumbnail","7":"category-politica-nacionales"},"_links":{"self":[{"href":"https:\/\/elpueblonoticia.com.ar\/web\/wp-json\/wp\/v2\/posts\/4101","targetHints":{"allow":["GET"]}}],"collection":[{"href":"https:\/\/elpueblonoticia.com.ar\/web\/wp-json\/wp\/v2\/posts"}],"about":[{"href":"https:\/\/elpueblonoticia.com.ar\/web\/wp-json\/wp\/v2\/types\/post"}],"author":[{"embeddable":true,"href":"https:\/\/elpueblonoticia.com.ar\/web\/wp-json\/wp\/v2\/users\/2"}],"replies":[{"embeddable":true,"href":"https:\/\/elpueblonoticia.com.ar\/web\/wp-json\/wp\/v2\/comments?post=4101"}],"version-history":[{"count":1,"href":"https:\/\/elpueblonoticia.com.ar\/web\/wp-json\/wp\/v2\/posts\/4101\/revisions"}],"predecessor-version":[{"id":4104,"href":"https:\/\/elpueblonoticia.com.ar\/web\/wp-json\/wp\/v2\/posts\/4101\/revisions\/4104"}],"wp:featuredmedia":[{"embeddable":true,"href":"https:\/\/elpueblonoticia.com.ar\/web\/wp-json\/wp\/v2\/media\/4102"}],"wp:attachment":[{"href":"https:\/\/elpueblonoticia.com.ar\/web\/wp-json\/wp\/v2\/media?parent=4101"}],"wp:term":[{"taxonomy":"category","embeddable":true,"href":"https:\/\/elpueblonoticia.com.ar\/web\/wp-json\/wp\/v2\/categories?post=4101"},{"taxonomy":"post_tag","embeddable":true,"href":"https:\/\/elpueblonoticia.com.ar\/web\/wp-json\/wp\/v2\/tags?post=4101"}],"curies":[{"name":"wp","href":"https:\/\/api.w.org\/{rel}","templated":true}]}}