{"id":4085,"date":"2025-11-25T09:27:02","date_gmt":"2025-11-25T12:27:02","guid":{"rendered":"https:\/\/elpueblonoticia.com.ar\/web\/?p=4085"},"modified":"2025-11-25T09:27:02","modified_gmt":"2025-11-25T12:27:02","slug":"la-adoracion-perpetua-en-goya-un-faro-de-fe-que-nunca-se-apaga","status":"publish","type":"post","link":"https:\/\/elpueblonoticia.com.ar\/web\/2025\/11\/25\/la-adoracion-perpetua-en-goya-un-faro-de-fe-que-nunca-se-apaga\/","title":{"rendered":"La Adoraci\u00f3n Perpetua en Goya, un faro de fe que nunca se apaga"},"content":{"rendered":"<p><strong>Nueve a\u00f1os de una \u00abguardia de amor\u00bb constante en la Catedral, por la presencia viva de Jes\u00fas Eucarist\u00eda. La feligres\u00eda cat\u00f3lica celebr\u00f3 el domingo con un Cielo Abierto, que congreg\u00f3 a decenas de adoradores eucar\u00edsticos, frente a la catedral en un momento de profunda oraci\u00f3n y alabanzas, que finaliz\u00f3 con la misa en el marco de la solemnidad de Cristo Rey, presidida por el p\u00e1rroco Ariel Gim\u00e9nez.\u00a0<\/strong><\/p>\n<p>En un mundo dominado por la inmediatez y el ruido, la Catedral de Goya sostiene un milagro silencioso que se acerca a celebrar el pr\u00f3ximo a\u00f1o su primera d\u00e9cada de vida: la Adoraci\u00f3n Perpetua Permanente. Fundada hace nueve a\u00f1os por el entonces cura p\u00e1rroco, Padre Ram\u00f3n Adolfo Guti\u00e9rrez, esta obra se ha convertido en el coraz\u00f3n espiritual de la ciudad.<\/p>\n<p><strong><em>Una guardia que nunca duerme<\/em><\/strong><\/p>\n<p>La Adoraci\u00f3n Perpetua es mucho m\u00e1s que una devoci\u00f3n; es la posibilidad real y tangible de estar ante la presencia de Jes\u00fas en la Hostia Consagrada. Visible en la custodia de la Capilla de Adoraci\u00f3n Eucar\u00edstica Permanente, el \u00abRey de Reyes\u00bb permanece accesible para la alabanza y el consuelo de todos.<\/p>\n<p>Esta gracia est\u00e1 disponible para cualquier persona que necesite hablar con Jes\u00fas en cualquier momento del d\u00eda. Para lograrlo, existe una \u00abguardia de adoradores eucar\u00edsticos\u201d: fieles que, en turnos rotativos, cumplen el compromiso inquebrantable de nunca dejar solo al Se\u00f1or.<\/p>\n<p><strong><em>Amor a prueba de todo<\/em><\/strong><\/p>\n<p>Estos nueve a\u00f1os son testimonio de una fe que trasciende obst\u00e1culos. Esta adoraci\u00f3n ha superado circunstancias tan dif\u00edciles como la amenaza de la pandemia, demostrando que la fidelidad a Dios es la fuerza m\u00e1s duradera.<\/p>\n<p>El compromiso de los adoradores es conmovedor. Ya sea a la 1, 2, 3, 4 o 5 de la ma\u00f1ana, el cansancio desaparece ante la promesa de estar unos minutos a los pies de Dios. Como relatan los propios fieles: \u00abEl cansancio no es nada, levantarse al amanecer tampoco, cuando se es consciente de que es \u00c9l, en esa sencilla hostia consagrada.\u00bb<\/p>\n<p><strong><em>La \u00abAutopista al Cielo\u00bb<\/em><\/strong><\/p>\n<p>No hay secretos ni algoritmos complejos en esta obra, solo un compromiso de amor silencioso que grita cu\u00e1l es la verdadera vida. Al igual que San Carlo Acutis , el joven \u00abInfluencer de Dios\u00bb que encontr\u00f3 en la Eucarist\u00eda su \u00abautopista al cielo\u00bb, los adoradores de Goya experimentaron que, tras el encuentro con el Dios hecho pan vivo, ninguna persona vuelve a ser la misma.<\/p>\n<p>Rumbo a los 10 a\u00f1os, la Adoraci\u00f3n Perpetua en Goya sigue firme, record\u00e1ndonos que cuando la fe se centra en lo esencial \u2014la Presencia de Dios\u2014 la luz nunca se apaga.<\/p>\n<p>\u00ab\u00bfQuer\u00e9s sumarte a los turnos de adoraci\u00f3n? Inscr\u00edbete al 3777- \u00a0\u00a0688051 o ac\u00e9rcate a la secretar\u00eda de la Catedral, Mariano I. Loza 661.\u2014<\/p>\n","protected":false},"excerpt":{"rendered":"<p>Nueve a\u00f1os de una \u00abguardia de amor\u00bb constante en la Catedral, por la presencia viva de Jes\u00fas Eucarist\u00eda. La feligres\u00eda cat\u00f3lica celebr\u00f3 el domingo con un Cielo Abierto, que congreg\u00f3 a decenas de adoradores eucar\u00edsticos, frente a la catedral en un momento de profunda oraci\u00f3n y alabanzas, que finaliz\u00f3 con la misa en el marco [&hellip;]<\/p>\n","protected":false},"author":2,"featured_media":4086,"comment_status":"open","ping_status":"open","sticky":false,"template":"","format":"standard","meta":{"footnotes":""},"categories":[56],"tags":[],"class_list":{"0":"post-4085","1":"post","2":"type-post","3":"status-publish","4":"format-standard","5":"has-post-thumbnail","7":"category-locales"},"_links":{"self":[{"href":"https:\/\/elpueblonoticia.com.ar\/web\/wp-json\/wp\/v2\/posts\/4085","targetHints":{"allow":["GET"]}}],"collection":[{"href":"https:\/\/elpueblonoticia.com.ar\/web\/wp-json\/wp\/v2\/posts"}],"about":[{"href":"https:\/\/elpueblonoticia.com.ar\/web\/wp-json\/wp\/v2\/types\/post"}],"author":[{"embeddable":true,"href":"https:\/\/elpueblonoticia.com.ar\/web\/wp-json\/wp\/v2\/users\/2"}],"replies":[{"embeddable":true,"href":"https:\/\/elpueblonoticia.com.ar\/web\/wp-json\/wp\/v2\/comments?post=4085"}],"version-history":[{"count":1,"href":"https:\/\/elpueblonoticia.com.ar\/web\/wp-json\/wp\/v2\/posts\/4085\/revisions"}],"predecessor-version":[{"id":4087,"href":"https:\/\/elpueblonoticia.com.ar\/web\/wp-json\/wp\/v2\/posts\/4085\/revisions\/4087"}],"wp:featuredmedia":[{"embeddable":true,"href":"https:\/\/elpueblonoticia.com.ar\/web\/wp-json\/wp\/v2\/media\/4086"}],"wp:attachment":[{"href":"https:\/\/elpueblonoticia.com.ar\/web\/wp-json\/wp\/v2\/media?parent=4085"}],"wp:term":[{"taxonomy":"category","embeddable":true,"href":"https:\/\/elpueblonoticia.com.ar\/web\/wp-json\/wp\/v2\/categories?post=4085"},{"taxonomy":"post_tag","embeddable":true,"href":"https:\/\/elpueblonoticia.com.ar\/web\/wp-json\/wp\/v2\/tags?post=4085"}],"curies":[{"name":"wp","href":"https:\/\/api.w.org\/{rel}","templated":true}]}}