{"id":4081,"date":"2025-11-25T09:17:02","date_gmt":"2025-11-25T12:17:02","guid":{"rendered":"https:\/\/elpueblonoticia.com.ar\/web\/?p=4081"},"modified":"2025-11-25T09:17:02","modified_gmt":"2025-11-25T12:17:02","slug":"las-comunidades-rurales-saludan-al-padre-miguel-maidana-en-su-cumpleanos","status":"publish","type":"post","link":"https:\/\/elpueblonoticia.com.ar\/web\/2025\/11\/25\/las-comunidades-rurales-saludan-al-padre-miguel-maidana-en-su-cumpleanos\/","title":{"rendered":"Las comunidades rurales saludan al padre Miguel  Maidana en su cumplea\u00f1os"},"content":{"rendered":"<p>Querido padre Miguel, en su cumplea\u00f1os, le agradecemos por ser un instrumento de Dios que nos acerca al amor y la misericordia. Que siga siendo un buen misionero para todos. Que tenga un muy feliz y santo cumplea\u00f1os. Que la Virgen sea siempre su perpetuo socorro.<\/p>\n<p>En este d\u00eda tan especial en el que celebramos el maravilloso don de su vida, elevamos nuestros corazones en acci\u00f3n de gracias.<\/p>\n<p>Queremos expresarle nuestra m\u00e1s profunda gratitud y aprecio no solo por ser un gu\u00eda espiritual, sino por ser un fiel y amoroso pastor para nuestras comunidades del campo.<\/p>\n<p>Su ministerio es un verdadero faro de luz. Gracias por su paciencia en la confesi\u00f3n, por la fuerza en la predicaci\u00f3n de la Palabra, y por la fidelidad con la que administra los Sacramentos, acerc\u00e1ndonos cada d\u00eda m\u00e1s a la gracia de Dios.<\/p>\n<p>Que en este nuevo a\u00f1o de vida, el Se\u00f1or Jes\u00fas lo colme de salud. Que la Sant\u00edsima Virgen Mar\u00eda del Perpetuos Socorro, lo proteja y lo gu\u00ede en cada paso de su camino, y que el Esp\u00edritu Santo renueve su fuego y su fortaleza para seguir sembrando la semilla del Evangelio.<\/p>\n<p>\u00a1Que Dios lo bendiga inmensamente en su cumplea\u00f1os! \u00a1Muchas felicidades, querido Padre Miguel!<\/p>\n","protected":false},"excerpt":{"rendered":"<p>Querido padre Miguel, en su cumplea\u00f1os, le agradecemos por ser un instrumento de Dios que nos acerca al amor y la misericordia. Que siga siendo un buen misionero para todos. Que tenga un muy feliz y santo cumplea\u00f1os. Que la Virgen sea siempre su perpetuo socorro. En este d\u00eda tan especial en el que celebramos [&hellip;]<\/p>\n","protected":false},"author":2,"featured_media":4082,"comment_status":"open","ping_status":"open","sticky":false,"template":"","format":"standard","meta":{"footnotes":""},"categories":[78],"tags":[],"class_list":{"0":"post-4081","1":"post","2":"type-post","3":"status-publish","4":"format-standard","5":"has-post-thumbnail","7":"category-generales"},"_links":{"self":[{"href":"https:\/\/elpueblonoticia.com.ar\/web\/wp-json\/wp\/v2\/posts\/4081","targetHints":{"allow":["GET"]}}],"collection":[{"href":"https:\/\/elpueblonoticia.com.ar\/web\/wp-json\/wp\/v2\/posts"}],"about":[{"href":"https:\/\/elpueblonoticia.com.ar\/web\/wp-json\/wp\/v2\/types\/post"}],"author":[{"embeddable":true,"href":"https:\/\/elpueblonoticia.com.ar\/web\/wp-json\/wp\/v2\/users\/2"}],"replies":[{"embeddable":true,"href":"https:\/\/elpueblonoticia.com.ar\/web\/wp-json\/wp\/v2\/comments?post=4081"}],"version-history":[{"count":1,"href":"https:\/\/elpueblonoticia.com.ar\/web\/wp-json\/wp\/v2\/posts\/4081\/revisions"}],"predecessor-version":[{"id":4083,"href":"https:\/\/elpueblonoticia.com.ar\/web\/wp-json\/wp\/v2\/posts\/4081\/revisions\/4083"}],"wp:featuredmedia":[{"embeddable":true,"href":"https:\/\/elpueblonoticia.com.ar\/web\/wp-json\/wp\/v2\/media\/4082"}],"wp:attachment":[{"href":"https:\/\/elpueblonoticia.com.ar\/web\/wp-json\/wp\/v2\/media?parent=4081"}],"wp:term":[{"taxonomy":"category","embeddable":true,"href":"https:\/\/elpueblonoticia.com.ar\/web\/wp-json\/wp\/v2\/categories?post=4081"},{"taxonomy":"post_tag","embeddable":true,"href":"https:\/\/elpueblonoticia.com.ar\/web\/wp-json\/wp\/v2\/tags?post=4081"}],"curies":[{"name":"wp","href":"https:\/\/api.w.org\/{rel}","templated":true}]}}