{"id":4069,"date":"2025-11-25T08:18:47","date_gmt":"2025-11-25T11:18:47","guid":{"rendered":"https:\/\/elpueblonoticia.com.ar\/web\/?p=4069"},"modified":"2025-11-25T08:18:47","modified_gmt":"2025-11-25T11:18:47","slug":"conmocion-en-9-de-julio-dos-adolescentes-en-estado-grave-tras-un-violento-choque","status":"publish","type":"post","link":"https:\/\/elpueblonoticia.com.ar\/web\/2025\/11\/25\/conmocion-en-9-de-julio-dos-adolescentes-en-estado-grave-tras-un-violento-choque\/","title":{"rendered":"Conmoci\u00f3n en 9 de Julio: Dos adolescentes en estado grave tras un violento choque"},"content":{"rendered":"<p><img decoding=\"async\" src=\"https:\/\/www.powernoticias.com\/images\/202511242306571554\" \/><\/p>\n<p><img decoding=\"async\" src=\"https:\/\/www.powernoticias.com\/images\/202511242306143620\" \/><\/p>\n<p>Dos menores de 13 y 14 a\u00f1os sufrieron m\u00faltiples fracturas tras impactar su motocicleta contra una camioneta. Debido a la complejidad de las heridas, fueron derivados de urgencia al Hospital Pedi\u00e1trico Juan Pablo II en la capital correntina. En el lugar del hecho intervinieron efectivos de la Comisar\u00eda de Distrito de 9 de Julio y peritos accidentol\u00f3gicos provenientes de la ciudad de Goya para determinar las causas exactas del siniestro.-<\/p>\n<p>Un grave siniestro vial registrado minutos despu\u00e9s del mediod\u00eda de hoy ha generado conmoci\u00f3n en la localidad de 9 de Julio, Corrientes . El incidente involucr\u00f3 a una motocicleta y una camioneta, dejando como saldo a dos menores de edad con lesiones de car\u00e1cter grave y precauciones reservadas.<\/p>\n<p><b>La mec\u00e1nica del accidente<\/b><\/p>\n<p>El hecho ocurri\u00f3 cuando una motocicleta marca Motomel de 110 cc, en la que circulaban Ian Tomhas Vargas Torres (13) y Sebasti\u00e1n Lionel Escalante (14) \u2014este \u00faltimo con domicilio en Pilar, Buenos Aires\u2014, colision\u00f3 violentamente contra la puerta del conductor de una camioneta Volkswagen Amarok (Dominio AA478DS).<\/p>\n<p>El veh\u00edculo mayor era conducido por el ciudadano Francisco Daniel Alvares , oriundo de la ciudad de Mercedes.<\/p>\n<p><b>Operativo de traslado y parte medica<\/b><\/p>\n<p>Tras el impacto, los adolescentes fueron asistidos y trasladados inicialmente al Hospital Regional de Goya . Sin embargo, dada la severidad de los traumatismos, se calcula su derivaci\u00f3n inmediata al Hospital Pedi\u00e1trico Juan Pablo II en la ciudad de Corrientes.<\/p>\n<p>El m\u00e9dico de polic\u00eda confirm\u00f3 que ambos j\u00f3venes presentan lesiones de car\u00e1cter grave. En el lugar del hecho intervinieron efectivos de la Comisar\u00eda de Distrito de 9 de Julio y peritos accidentalol\u00f3gicos provenientes de la ciudad de Goya para determinar las causas exactas del siniestro.-<\/p>\n","protected":false},"excerpt":{"rendered":"<p>Dos menores de 13 y 14 a\u00f1os sufrieron m\u00faltiples fracturas tras impactar su motocicleta contra una camioneta. Debido a la complejidad de las heridas, fueron derivados de urgencia al Hospital Pedi\u00e1trico Juan Pablo II en la capital correntina. En el lugar del hecho intervinieron efectivos de la Comisar\u00eda de Distrito de 9 de Julio y [&hellip;]<\/p>\n","protected":false},"author":2,"featured_media":4070,"comment_status":"open","ping_status":"open","sticky":false,"template":"","format":"standard","meta":{"footnotes":""},"categories":[68],"tags":[],"class_list":{"0":"post-4069","1":"post","2":"type-post","3":"status-publish","4":"format-standard","5":"has-post-thumbnail","7":"category-policiales-nacionales"},"_links":{"self":[{"href":"https:\/\/elpueblonoticia.com.ar\/web\/wp-json\/wp\/v2\/posts\/4069","targetHints":{"allow":["GET"]}}],"collection":[{"href":"https:\/\/elpueblonoticia.com.ar\/web\/wp-json\/wp\/v2\/posts"}],"about":[{"href":"https:\/\/elpueblonoticia.com.ar\/web\/wp-json\/wp\/v2\/types\/post"}],"author":[{"embeddable":true,"href":"https:\/\/elpueblonoticia.com.ar\/web\/wp-json\/wp\/v2\/users\/2"}],"replies":[{"embeddable":true,"href":"https:\/\/elpueblonoticia.com.ar\/web\/wp-json\/wp\/v2\/comments?post=4069"}],"version-history":[{"count":1,"href":"https:\/\/elpueblonoticia.com.ar\/web\/wp-json\/wp\/v2\/posts\/4069\/revisions"}],"predecessor-version":[{"id":4071,"href":"https:\/\/elpueblonoticia.com.ar\/web\/wp-json\/wp\/v2\/posts\/4069\/revisions\/4071"}],"wp:featuredmedia":[{"embeddable":true,"href":"https:\/\/elpueblonoticia.com.ar\/web\/wp-json\/wp\/v2\/media\/4070"}],"wp:attachment":[{"href":"https:\/\/elpueblonoticia.com.ar\/web\/wp-json\/wp\/v2\/media?parent=4069"}],"wp:term":[{"taxonomy":"category","embeddable":true,"href":"https:\/\/elpueblonoticia.com.ar\/web\/wp-json\/wp\/v2\/categories?post=4069"},{"taxonomy":"post_tag","embeddable":true,"href":"https:\/\/elpueblonoticia.com.ar\/web\/wp-json\/wp\/v2\/tags?post=4069"}],"curies":[{"name":"wp","href":"https:\/\/api.w.org\/{rel}","templated":true}]}}