{"id":4065,"date":"2025-11-25T08:11:42","date_gmt":"2025-11-25T11:11:42","guid":{"rendered":"https:\/\/elpueblonoticia.com.ar\/web\/?p=4065"},"modified":"2025-11-25T08:11:42","modified_gmt":"2025-11-25T11:11:42","slug":"cierre-del-circuito-goyano-de-carreras","status":"publish","type":"post","link":"https:\/\/elpueblonoticia.com.ar\/web\/2025\/11\/25\/cierre-del-circuito-goyano-de-carreras\/","title":{"rendered":"Cierre del Circuito Goyano de Carreras"},"content":{"rendered":"<p class=\"x_MsoNormal\" data-olk-copy-source=\"MessageBody\">CON ACOMPA\u00d1AMIENTO DE LA DIRECCI\u00d3N DE DEPORTES ATENAS CIERRA LA TEMPORADA DE CARRERAS<\/p>\n<p class=\"x_MsoNormal\">El pr\u00f3ximo domingo 30 de noviembre con la prueba \u201cM\u00e1s de Un Siglo de Pasi\u00f3n\u201d el club pionero en la organizaci\u00f3n y promoci\u00f3n de las carreras en nuestra ciudad Atenas, cierra la temporada 2025.<\/p>\n<p class=\"x_MsoNormal\">Con la organizaci\u00f3n del Club Atenas, el acompa\u00f1amiento de la Municipalidad de Goya, desde la Direcci\u00f3n de Deportes, la carrera tiene fijada su hora de largada a las 18 horas, desde el Club Central Goya, por Mitre y Avenida Sarmiento.<\/p>\n<p class=\"x_MsoNormal\">\u00daltima fecha puntuable del Club Atenas; Modo Urbano; la Inscripci\u00f3n presencial: 16:30 hs a 17:30 hs<\/p>\n<p class=\"x_MsoNormal\">inscripci\u00f3n v\u00eda WhatsApp: Sra. Aurora Gauna 3777676297<\/p>\n<p class=\"x_MsoNormal\">Transferencia de inscripci\u00f3n: mercado pago\u00a0<a title=\"http:\/\/aurora.020.diurno.mp\" href=\"http:\/\/aurora.020.diurno.mp\/\" data-auth=\"NotApplicable\" data-linkindex=\"0\">aurora.020.diurno.mp<\/a><\/p>\n<p class=\"x_MsoNormal\">Valor: 5 km\u00a0\u00a0 $ 12.000 y 10 km\u00a0\u00a0 $ 17.000<\/p>\n<p class=\"x_MsoNormal\">Premiaci\u00f3n: Premios a los 3 primeros de cada categor\u00eda; Medallas para los primeros 100 en llegar<\/p>\n<p class=\"x_MsoNormal\">La organizaci\u00f3n dispuso las distancias de 5 y 10 km, adem\u00e1s para las categor\u00edas infantiles de 3 a 12 a\u00f1os es sin costo la inscripci\u00f3n.<\/p>\n<p class=\"x_MsoNormal\">Estas son las categor\u00edas establecidas para la \u00faltima carrera del circuito goyano del Club Atenas:<\/p>\n<p class=\"x_MsoNormal\">infantiles<\/p>\n<p class=\"x_MsoNormal\">\u00a03 y 4 a\u00f1os<\/p>\n<p class=\"x_MsoNormal\">\u00a05 y 6 a\u00f1os<\/p>\n<p class=\"x_MsoNormal\">\u00a07 y 8 a\u00f1os<\/p>\n<p class=\"x_MsoNormal\">\u00a09 y 10 a\u00f1os<\/p>\n<p class=\"x_MsoNormal\">11 y 12 a\u00f1os<\/p>\n<p class=\"x_MsoNormal\">Distancias:<\/p>\n<p class=\"x_MsoNormal\">5 km<\/p>\n<p class=\"x_MsoNormal\">Categor\u00edas<\/p>\n<p class=\"x_MsoNormal\">Hasta 25 a\u00f1os<\/p>\n<p class=\"x_MsoNormal\">\u00a0\u00a0\u00a0\u00a0\u00a0\u00a0\u00a0\u00a0\u00a0\u00a0 26 a 39 a\u00f1os<\/p>\n<p class=\"x_MsoNormal\">\u00a0\u00a0\u00a0\u00a0\u00a0\u00a0\u00a0\u00a0\u00a0\u00a0 40 a 55 a\u00f1os<\/p>\n<p class=\"x_MsoNormal\">\u00a0\u00a0\u00a0\u00a0\u00a0\u00a0\u00a0\u00a0\u00a0 56 en mas<\/p>\n<p class=\"x_MsoNormal\">10 km<\/p>\n<p class=\"x_MsoNormal\">Hasta 19 a\u00f1os<\/p>\n<p class=\"x_MsoNormal\">\u00a0\u00a0\u00a0\u00a0\u00a0\u00a0\u00a0\u00a0\u00a0\u00a0\u00a0 20 a 29 a\u00f1os<\/p>\n<p class=\"x_MsoNormal\">\u00a0\u00a0\u00a0\u00a0\u00a0\u00a0\u00a0\u00a0\u00a0\u00a0\u00a0 30 a 39 a\u00f1os<\/p>\n<p class=\"x_MsoNormal\">\u00a0\u00a0\u00a0\u00a0\u00a0\u00a0\u00a0\u00a0\u00a0\u00a0 40 a 49 a\u00f1os<\/p>\n<p class=\"x_MsoNormal\">\u00a0\u00a0\u00a0\u00a0\u00a0\u00a0\u00a0\u00a0\u00a0 50 a 59 a\u00f1os<\/p>\n<p class=\"x_MsoNormal\">\u00a0\u00a0\u00a0\u00a0\u00a0\u00a0\u00a0\u00a0\u00a0 60 a 69 a\u00f1os<\/p>\n<p class=\"x_MsoNormal\">\u00a0\u00a0\u00a0\u00a0\u00a0\u00a0\u00a0\u00a0 70 a\u00f1os en adelante<\/p>\n<p class=\"x_MsoNormal\">Para consultas, podr\u00e1n dirigirse a Alejandro Guti\u00e9rrez, Cel. 3777- 400820<\/p>\n","protected":false},"excerpt":{"rendered":"<p>CON ACOMPA\u00d1AMIENTO DE LA DIRECCI\u00d3N DE DEPORTES ATENAS CIERRA LA TEMPORADA DE CARRERAS El pr\u00f3ximo domingo 30 de noviembre con la prueba \u201cM\u00e1s de Un Siglo de Pasi\u00f3n\u201d el club pionero en la organizaci\u00f3n y promoci\u00f3n de las carreras en nuestra ciudad Atenas, cierra la temporada 2025. Con la organizaci\u00f3n del Club Atenas, el acompa\u00f1amiento [&hellip;]<\/p>\n","protected":false},"author":2,"featured_media":4066,"comment_status":"open","ping_status":"open","sticky":false,"template":"","format":"standard","meta":{"footnotes":""},"categories":[76],"tags":[],"class_list":{"0":"post-4065","1":"post","2":"type-post","3":"status-publish","4":"format-standard","5":"has-post-thumbnail","7":"category-deportes"},"_links":{"self":[{"href":"https:\/\/elpueblonoticia.com.ar\/web\/wp-json\/wp\/v2\/posts\/4065","targetHints":{"allow":["GET"]}}],"collection":[{"href":"https:\/\/elpueblonoticia.com.ar\/web\/wp-json\/wp\/v2\/posts"}],"about":[{"href":"https:\/\/elpueblonoticia.com.ar\/web\/wp-json\/wp\/v2\/types\/post"}],"author":[{"embeddable":true,"href":"https:\/\/elpueblonoticia.com.ar\/web\/wp-json\/wp\/v2\/users\/2"}],"replies":[{"embeddable":true,"href":"https:\/\/elpueblonoticia.com.ar\/web\/wp-json\/wp\/v2\/comments?post=4065"}],"version-history":[{"count":1,"href":"https:\/\/elpueblonoticia.com.ar\/web\/wp-json\/wp\/v2\/posts\/4065\/revisions"}],"predecessor-version":[{"id":4067,"href":"https:\/\/elpueblonoticia.com.ar\/web\/wp-json\/wp\/v2\/posts\/4065\/revisions\/4067"}],"wp:featuredmedia":[{"embeddable":true,"href":"https:\/\/elpueblonoticia.com.ar\/web\/wp-json\/wp\/v2\/media\/4066"}],"wp:attachment":[{"href":"https:\/\/elpueblonoticia.com.ar\/web\/wp-json\/wp\/v2\/media?parent=4065"}],"wp:term":[{"taxonomy":"category","embeddable":true,"href":"https:\/\/elpueblonoticia.com.ar\/web\/wp-json\/wp\/v2\/categories?post=4065"},{"taxonomy":"post_tag","embeddable":true,"href":"https:\/\/elpueblonoticia.com.ar\/web\/wp-json\/wp\/v2\/tags?post=4065"}],"curies":[{"name":"wp","href":"https:\/\/api.w.org\/{rel}","templated":true}]}}