{"id":4046,"date":"2025-11-21T10:05:30","date_gmt":"2025-11-21T13:05:30","guid":{"rendered":"https:\/\/elpueblonoticia.com.ar\/web\/?p=4046"},"modified":"2025-11-21T10:05:30","modified_gmt":"2025-11-21T13:05:30","slug":"sergio-gomez-celebrara-50-anos-de-musica-con-un-evento-especial-en-la-sociedad-italiana","status":"publish","type":"post","link":"https:\/\/elpueblonoticia.com.ar\/web\/2025\/11\/21\/sergio-gomez-celebrara-50-anos-de-musica-con-un-evento-especial-en-la-sociedad-italiana\/","title":{"rendered":"SERGIO G\u00d3MEZ CELEBRAR\u00c1 50 A\u00d1OS DE M\u00daSICA CON UN EVENTO ESPECIAL EN LA SOCIEDAD ITALIANA"},"content":{"rendered":"<p class=\"x_MsoNormal\" data-olk-copy-source=\"MessageBody\">El reconocido m\u00fasico goyano Sergio G\u00f3mez celebrar\u00e1 sus 50 a\u00f1os de trayectoria musical con un evento especial que se llevar\u00e1 a cabo en un local comercial de la Sociedad Italiana.<\/p>\n<p class=\"x_MsoNormal\" aria-hidden=\"true\">\n<p class=\"x_MsoNormal\">En declaraciones radiales, Sergio G\u00f3mez coment\u00f3 sus inicios, sensaciones y recuerdos, destac\u00f3 su paso por &#8220;Los B\u00e1rbaros&#8221;, la legendaria banda que interpret\u00f3 de manera hist\u00f3rica la &#8220;Canci\u00f3n del Surub\u00ed&#8221;, con la voz de Oscar Mac\u00edas y letra de &#8220;Coqui&#8221; Correa.<\/p>\n<p class=\"x_MsoNormal\" aria-hidden=\"true\">\n<p class=\"x_MsoNormal\">Sergio G\u00f3mez coment\u00f3 que la idea del espect\u00e1culo que ofrecer\u00e1 es hacer un repaso de su historia con la m\u00fasica, interpretando temas de los a\u00f1os setenta, ochenta y noventa, la \u201c\u00e9poca de oro del rock nacional\u201d. &#8220;Estoy contento, feliz y ansioso, porque espero ver muchas caras amigas. Ser\u00e1 una noche de mucha emoci\u00f3n&#8221;, expres\u00f3.<\/p>\n<p class=\"x_MsoNormal\" aria-hidden=\"true\">\n<p class=\"x_MsoNormal\">Record\u00f3 con cari\u00f1o las \u00e9pocas de pe\u00f1a en El Ancla y luego en Pizzer\u00eda Costanera, donde &#8220;Los B\u00e1rbaros&#8221; sal\u00edan a la plaza a realizar espect\u00e1culos tipo &#8220;Si lo sabe cante&#8221;, que resultaban un \u00e9xito. &#8220;Fue una \u00e9poca hermosa, no hab\u00eda tantos problemas de sonido y ese tipo de cosas. Es normal el avance, pero aquellos eran d\u00edas de mucha alegr\u00eda&#8221;, rememor\u00f3.<\/p>\n<p class=\"x_MsoNormal\" aria-hidden=\"true\">\n<p class=\"x_MsoNormal\">LA M\u00daSICA Y LOS HITOS EN LA RADIO<\/p>\n<p class=\"x_MsoNormal\">El m\u00fasico mencion\u00f3 a figuras importantes de la radiofon\u00eda goyana a los que reconoci\u00f3, como Ad\u00e1n Balmoro (\u00c1ngel Saturnino Blanco &#8220;Chacho&#8221;). Al hablar de la &#8220;Canci\u00f3n del Surub\u00ed&#8221;, reconoci\u00f3 a Carlos G\u00f3mez Mu\u00f1oz, quien colabor\u00f3 con &#8220;Los B\u00e1rbaros&#8221; en la promoci\u00f3n del tema. &#8220;En sus nombres, recordar a toda la gente de LT6, te incluyo a vos (Eduardo Antonio Paniagua) cuando reci\u00e9n llegu\u00e9 a Goya. Hoy soy m\u00e1s correntino, tengo 50 a\u00f1os de m\u00fasico, te pod\u00e9s imaginar que soy goyano, y amo la m\u00fasica correntina, m\u00e1s all\u00e1 de que no interpreto ese tipo de m\u00fasica. El que estudia para el coraz\u00f3n sabe de los ri\u00f1ones, pero su especialidad es esa. Siempre me dediqu\u00e9 a la m\u00fasica moderna, recordar esas cosas para m\u00ed es un placer inmenso&#8221;, afirm\u00f3.<\/p>\n<p class=\"x_MsoNormal\" aria-hidden=\"true\">\n<p class=\"x_MsoNormal\">EL INICIO DE LOS B\u00c1RBAROS<\/p>\n<p class=\"x_MsoNormal\">&#8220;Cuando comenc\u00e9 en el a\u00f1o 68, creamos Los B\u00e1rbaros. En esa \u00e9poca escuch\u00e1bamos Los Iracundos y no hab\u00eda otra cosa. Hoy los chicos tienen mucha ventaja con internet, nosotros toc\u00e1bamos de o\u00eddo, pas\u00e1bamos horas escuchando los discos para sacar canciones. Comenzamos con Los Beatles y Los Iracundos, fuimos recorriendo las etapas y adapt\u00e1ndonos. Comenc\u00e9 con la guitarra y termin\u00e9 con la bater\u00eda&#8221;, relat\u00f3 G\u00f3mez.<\/p>\n<p class=\"x_MsoNormal\" aria-hidden=\"true\">\n<p class=\"x_MsoNormal\">EL ESPECT\u00c1CULO Y LOS INVITADOS<\/p>\n<p class=\"x_MsoNormal\">El espect\u00e1culo se llevar\u00e1 a cabo en el local gastron\u00f3mico de la Sociedad Italiana, a partir de las 22 horas. El artista agradeci\u00f3 a Federico Taglioretti por brindar el espacio y promover la cultura, reabriendo las puertas del tradicional cine italiano.<\/p>\n<p class=\"x_MsoNormal\">En cuanto a los m\u00fasicos que lo acompa\u00f1ar\u00e1n, mencion\u00f3 a \u201cLaprovitta y Juancito Sosa en guitarra, el \u201cNegrito\u201d Sol\u00eds en bater\u00eda, \u201cPepe\u201d Ojeda en teclados, Alejandro Giordano en saxo\u201d, su nieta Camila en coros, C\u00e9sar L\u00f3pez y David Godoy, ex integrantes de Casino Show\u201d. Entre los invitados especiales estar\u00e1n Jos\u00e9 Maniello y el \u201cNegro\u201d Pintos, ex miembros de Los B\u00e1rbaros, y Ranita Flores. &#8220;Habr\u00e1 diez m\u00fasicos en el escenario. Cada uno har\u00e1 un tema, para no extendernos mucho por los horarios&#8221;, explic\u00f3.<\/p>\n<p class=\"x_MsoNormal\">Sobre el costo del espect\u00e1culo, aclar\u00f3 que no se cobra entrada, sino que se reserva mesa y se paga la consumici\u00f3n, con un plus por el derecho de espect\u00e1culo.<\/p>\n<p class=\"x_MsoNormal\">Sergio Gomez, en el final de la entrevista en Radio Ciudad, volvi\u00f3 a invitar: \u201cLos espero a todos para compartir una noche \u201cb\u00e1rbara\u201d con la m\u00fasica, los recuerdos y la buena gastronom\u00eda, en \u201cAmore M\u00edo\u201d<\/p>\n","protected":false},"excerpt":{"rendered":"<p>El reconocido m\u00fasico goyano Sergio G\u00f3mez celebrar\u00e1 sus 50 a\u00f1os de trayectoria musical con un evento especial que se llevar\u00e1 a cabo en un local comercial de la Sociedad Italiana. En declaraciones radiales, Sergio G\u00f3mez coment\u00f3 sus inicios, sensaciones y recuerdos, destac\u00f3 su paso por &#8220;Los B\u00e1rbaros&#8221;, la legendaria banda que interpret\u00f3 de manera hist\u00f3rica [&hellip;]<\/p>\n","protected":false},"author":2,"featured_media":4047,"comment_status":"open","ping_status":"open","sticky":false,"template":"","format":"standard","meta":{"footnotes":""},"categories":[78],"tags":[],"class_list":{"0":"post-4046","1":"post","2":"type-post","3":"status-publish","4":"format-standard","5":"has-post-thumbnail","7":"category-generales"},"_links":{"self":[{"href":"https:\/\/elpueblonoticia.com.ar\/web\/wp-json\/wp\/v2\/posts\/4046","targetHints":{"allow":["GET"]}}],"collection":[{"href":"https:\/\/elpueblonoticia.com.ar\/web\/wp-json\/wp\/v2\/posts"}],"about":[{"href":"https:\/\/elpueblonoticia.com.ar\/web\/wp-json\/wp\/v2\/types\/post"}],"author":[{"embeddable":true,"href":"https:\/\/elpueblonoticia.com.ar\/web\/wp-json\/wp\/v2\/users\/2"}],"replies":[{"embeddable":true,"href":"https:\/\/elpueblonoticia.com.ar\/web\/wp-json\/wp\/v2\/comments?post=4046"}],"version-history":[{"count":1,"href":"https:\/\/elpueblonoticia.com.ar\/web\/wp-json\/wp\/v2\/posts\/4046\/revisions"}],"predecessor-version":[{"id":4048,"href":"https:\/\/elpueblonoticia.com.ar\/web\/wp-json\/wp\/v2\/posts\/4046\/revisions\/4048"}],"wp:featuredmedia":[{"embeddable":true,"href":"https:\/\/elpueblonoticia.com.ar\/web\/wp-json\/wp\/v2\/media\/4047"}],"wp:attachment":[{"href":"https:\/\/elpueblonoticia.com.ar\/web\/wp-json\/wp\/v2\/media?parent=4046"}],"wp:term":[{"taxonomy":"category","embeddable":true,"href":"https:\/\/elpueblonoticia.com.ar\/web\/wp-json\/wp\/v2\/categories?post=4046"},{"taxonomy":"post_tag","embeddable":true,"href":"https:\/\/elpueblonoticia.com.ar\/web\/wp-json\/wp\/v2\/tags?post=4046"}],"curies":[{"name":"wp","href":"https:\/\/api.w.org\/{rel}","templated":true}]}}