{"id":4038,"date":"2025-11-21T09:53:27","date_gmt":"2025-11-21T12:53:27","guid":{"rendered":"https:\/\/elpueblonoticia.com.ar\/web\/?p=4038"},"modified":"2025-11-21T09:53:27","modified_gmt":"2025-11-21T12:53:27","slug":"recoleccion-de-residuos-domiciliarios","status":"publish","type":"post","link":"https:\/\/elpueblonoticia.com.ar\/web\/2025\/11\/21\/recoleccion-de-residuos-domiciliarios\/","title":{"rendered":"RECOLECCI\u00d3N DE RESIDUOS DOMICILIARIOS"},"content":{"rendered":"<p class=\"x_MsoNormal\" data-olk-copy-source=\"MessageBody\">La recolecci\u00f3n de residuos ser\u00e1 normal tanto el 21, como el 24 de noviembre.<\/p>\n<p class=\"x_MsoNormal\" aria-hidden=\"true\">\n<p class=\"x_MsoNormal\">La Municipalidad de Goya informa acerca del funcionamiento de los servicios que habitualmente brinda a los vecinos para los pr\u00f3ximos viernes 21 y lunes 24 de noviembre, \u201cD\u00eda no laborable con fines tur\u00edsticos\u201d y feriado en conmemoraci\u00f3n al D\u00eda de la Soberan\u00eda Nacional, respectivamente.<\/p>\n<p class=\"x_MsoNormal\">La Municipalidad recuerda que la prestaci\u00f3n del servicio de recolecci\u00f3n de residuos domiciliarios en esas fechas ser\u00e1 de forma normal, durante todo el fin de semana en los horarios y lugares dispuestos de manera habitual.<\/p>\n<p class=\"x_MsoNormal\" aria-hidden=\"true\">\n","protected":false},"excerpt":{"rendered":"<p>La recolecci\u00f3n de residuos ser\u00e1 normal tanto el 21, como el 24 de noviembre. La Municipalidad de Goya informa acerca del funcionamiento de los servicios que habitualmente brinda a los vecinos para los pr\u00f3ximos viernes 21 y lunes 24 de noviembre, \u201cD\u00eda no laborable con fines tur\u00edsticos\u201d y feriado en conmemoraci\u00f3n al D\u00eda de la [&hellip;]<\/p>\n","protected":false},"author":2,"featured_media":4039,"comment_status":"open","ping_status":"open","sticky":false,"template":"","format":"standard","meta":{"footnotes":""},"categories":[56],"tags":[],"class_list":{"0":"post-4038","1":"post","2":"type-post","3":"status-publish","4":"format-standard","5":"has-post-thumbnail","7":"category-locales"},"_links":{"self":[{"href":"https:\/\/elpueblonoticia.com.ar\/web\/wp-json\/wp\/v2\/posts\/4038","targetHints":{"allow":["GET"]}}],"collection":[{"href":"https:\/\/elpueblonoticia.com.ar\/web\/wp-json\/wp\/v2\/posts"}],"about":[{"href":"https:\/\/elpueblonoticia.com.ar\/web\/wp-json\/wp\/v2\/types\/post"}],"author":[{"embeddable":true,"href":"https:\/\/elpueblonoticia.com.ar\/web\/wp-json\/wp\/v2\/users\/2"}],"replies":[{"embeddable":true,"href":"https:\/\/elpueblonoticia.com.ar\/web\/wp-json\/wp\/v2\/comments?post=4038"}],"version-history":[{"count":1,"href":"https:\/\/elpueblonoticia.com.ar\/web\/wp-json\/wp\/v2\/posts\/4038\/revisions"}],"predecessor-version":[{"id":4040,"href":"https:\/\/elpueblonoticia.com.ar\/web\/wp-json\/wp\/v2\/posts\/4038\/revisions\/4040"}],"wp:featuredmedia":[{"embeddable":true,"href":"https:\/\/elpueblonoticia.com.ar\/web\/wp-json\/wp\/v2\/media\/4039"}],"wp:attachment":[{"href":"https:\/\/elpueblonoticia.com.ar\/web\/wp-json\/wp\/v2\/media?parent=4038"}],"wp:term":[{"taxonomy":"category","embeddable":true,"href":"https:\/\/elpueblonoticia.com.ar\/web\/wp-json\/wp\/v2\/categories?post=4038"},{"taxonomy":"post_tag","embeddable":true,"href":"https:\/\/elpueblonoticia.com.ar\/web\/wp-json\/wp\/v2\/tags?post=4038"}],"curies":[{"name":"wp","href":"https:\/\/api.w.org\/{rel}","templated":true}]}}