{"id":4034,"date":"2025-11-21T09:49:45","date_gmt":"2025-11-21T12:49:45","guid":{"rendered":"https:\/\/elpueblonoticia.com.ar\/web\/?p=4034"},"modified":"2025-11-21T09:49:45","modified_gmt":"2025-11-21T12:49:45","slug":"reunion-de-gabinete-ampliada-logros-y-metas-de-la-gestion-municipal","status":"publish","type":"post","link":"https:\/\/elpueblonoticia.com.ar\/web\/2025\/11\/21\/reunion-de-gabinete-ampliada-logros-y-metas-de-la-gestion-municipal\/","title":{"rendered":"REUNI\u00d3N DE GABINETE AMPLIADA \u2013 LOGROS Y METAS DE LA GESTI\u00d3N MUNICIPAL"},"content":{"rendered":"<p class=\"x_MsoNormal\" data-olk-copy-source=\"MessageBody\">En la ma\u00f1ana del jueves el Intendente Mariano Hormaechea presidi\u00f3 la reuni\u00f3n de gabinete ampliada, donde participaron funcionarios municipales: Secretarios, Directores y Coordinadores. En la oportunidad se trataron distintos temas algo que caracteriz\u00f3 a la gesti\u00f3n, de la planificaci\u00f3n del tablero de gesti\u00f3n donde se elaboran las l\u00edneas de trabajo, prioridades y los proyectos a implementar<\/p>\n<p class=\"x_MsoNormal\" aria-hidden=\"true\">\n<p class=\"x_MsoNormal\">En esta \u00faltima reuni\u00f3n de la actual gesti\u00f3n de estos 4 a\u00f1os, el Dr. Mariano Hormaechea agradeci\u00f3 el trabajo de todo el equipo municipal donde se cumplieron metas, reconociendo los logros del DEM, que fueron consolid\u00e1ndose en toda esta etapa.<\/p>\n<p class=\"x_MsoNormal\" aria-hidden=\"true\">\n<p class=\"x_MsoNormal\">El compromiso con los vecinos de este proyecto pol\u00edtico queda demostrado en la revalidaci\u00f3n de la gesti\u00f3n, dada en los resultados del pasado 31 de agosto.<\/p>\n<p class=\"x_MsoNormal\" aria-hidden=\"true\">\n<p class=\"x_MsoNormal\">Una de las premisas de la gesti\u00f3n, cumplir con los vecinos, lo que ratifica la confianza, prueba de ello programas como \u201cMita y Mita\u201d y \u201cEmprendedores Goyanos\u201d, entre otros, este reconocimiento del Intendente Municipal hacia su gabinete, demostrando la transparencia y eficiencia que tiene la gesti\u00f3n en los trabajos realizados por los distintos sectores<\/p>\n<p class=\"x_MsoNormal\" aria-hidden=\"true\">\n<p class=\"x_MsoNormal\">La aprobaci\u00f3n del Pacto Goya 2030, donde se marcaron los lineamientos en el corto y mediano plazo y el compromiso de lo que queda para el periodo 2025-2029. Esta gesti\u00f3n est\u00e1 basada en la inclusi\u00f3n, desarrollo y la modernizaci\u00f3n donde se continuar\u00e1 profundizando en estos ejes, tendientes a un estado moderno y de una \u201cGoya hacia adelante\u201d.<\/p>\n<p class=\"x_MsoNormal\">Trabajos de modernizaci\u00f3n del estado municipal como la digitalizaci\u00f3n a trav\u00e9s de las aplicaciones digitales de tr\u00e1mites de habilitaciones y datos abiertos, proyectando a futuro la digitalizaci\u00f3n de expedientes.\u00a0 Estos \u00faltimos trabajos desarrollados por Gobierno Electr\u00f3nico y Modernizaci\u00f3n.<\/p>\n<p class=\"x_MsoNormal\" aria-hidden=\"true\">\n<p class=\"x_MsoNormal\">El avance de distintas obras que se llevan adelante en la ciudad, como la ampliaci\u00f3n del Paseo Costero en La Costanera Norte, la construcci\u00f3n de la Nueva Estaci\u00f3n Terminal de \u00d3mnibus y frentes de obras de pavimentaci\u00f3n en distintos sectores de la ciudad.<\/p>\n<p class=\"x_MsoNormal\" aria-hidden=\"true\">\n<p class=\"x_MsoNormal\">Durante el encuentro, el Mandatario Local, destac\u00f3 el acto de cierre de gesti\u00f3n habilitando la pr\u00f3xima semana donde se mostrar\u00e1n los logros obtenidos durante estos 4 a\u00f1os y expondr\u00e1 la planificaci\u00f3n para el pr\u00f3ximo periodo.<\/p>\n<p class=\"x_MsoNormal\" aria-hidden=\"true\">\n<p class=\"x_MsoNormal\">Finalmente haciendo un balance de lo realizado, teniendo en cuenta principalmente la administraci\u00f3n de los recursos de la comuna, donde tenemos un municipio ordenado y equilibrado financieramente, a pesar de la situaci\u00f3n que atraviesa el pa\u00eds, especialmente en estos tiempos tan complejos de la econom\u00eda, resultado de la pol\u00edtica nacional implementada.<\/p>\n","protected":false},"excerpt":{"rendered":"<p>En la ma\u00f1ana del jueves el Intendente Mariano Hormaechea presidi\u00f3 la reuni\u00f3n de gabinete ampliada, donde participaron funcionarios municipales: Secretarios, Directores y Coordinadores. En la oportunidad se trataron distintos temas algo que caracteriz\u00f3 a la gesti\u00f3n, de la planificaci\u00f3n del tablero de gesti\u00f3n donde se elaboran las l\u00edneas de trabajo, prioridades y los proyectos a [&hellip;]<\/p>\n","protected":false},"author":2,"featured_media":4035,"comment_status":"open","ping_status":"open","sticky":false,"template":"","format":"standard","meta":{"footnotes":""},"categories":[56],"tags":[],"class_list":{"0":"post-4034","1":"post","2":"type-post","3":"status-publish","4":"format-standard","5":"has-post-thumbnail","7":"category-locales"},"_links":{"self":[{"href":"https:\/\/elpueblonoticia.com.ar\/web\/wp-json\/wp\/v2\/posts\/4034","targetHints":{"allow":["GET"]}}],"collection":[{"href":"https:\/\/elpueblonoticia.com.ar\/web\/wp-json\/wp\/v2\/posts"}],"about":[{"href":"https:\/\/elpueblonoticia.com.ar\/web\/wp-json\/wp\/v2\/types\/post"}],"author":[{"embeddable":true,"href":"https:\/\/elpueblonoticia.com.ar\/web\/wp-json\/wp\/v2\/users\/2"}],"replies":[{"embeddable":true,"href":"https:\/\/elpueblonoticia.com.ar\/web\/wp-json\/wp\/v2\/comments?post=4034"}],"version-history":[{"count":1,"href":"https:\/\/elpueblonoticia.com.ar\/web\/wp-json\/wp\/v2\/posts\/4034\/revisions"}],"predecessor-version":[{"id":4036,"href":"https:\/\/elpueblonoticia.com.ar\/web\/wp-json\/wp\/v2\/posts\/4034\/revisions\/4036"}],"wp:featuredmedia":[{"embeddable":true,"href":"https:\/\/elpueblonoticia.com.ar\/web\/wp-json\/wp\/v2\/media\/4035"}],"wp:attachment":[{"href":"https:\/\/elpueblonoticia.com.ar\/web\/wp-json\/wp\/v2\/media?parent=4034"}],"wp:term":[{"taxonomy":"category","embeddable":true,"href":"https:\/\/elpueblonoticia.com.ar\/web\/wp-json\/wp\/v2\/categories?post=4034"},{"taxonomy":"post_tag","embeddable":true,"href":"https:\/\/elpueblonoticia.com.ar\/web\/wp-json\/wp\/v2\/tags?post=4034"}],"curies":[{"name":"wp","href":"https:\/\/api.w.org\/{rel}","templated":true}]}}