{"id":4027,"date":"2025-11-21T09:42:38","date_gmt":"2025-11-21T12:42:38","guid":{"rendered":"https:\/\/elpueblonoticia.com.ar\/web\/?p=4027"},"modified":"2025-11-21T09:42:38","modified_gmt":"2025-11-21T12:42:38","slug":"el-intendente-mariano-hormaechea-recibio-a-la-maestra-armadora-mercedes-henriquez-de-republica-dominicana","status":"publish","type":"post","link":"https:\/\/elpueblonoticia.com.ar\/web\/2025\/11\/21\/el-intendente-mariano-hormaechea-recibio-a-la-maestra-armadora-mercedes-henriquez-de-republica-dominicana\/","title":{"rendered":"El INTENDENTE MARIANO HORMAECHEA RECIBI\u00d3 A LA MAESTRA ARMADORA MERCEDES HENR\u00cdQUEZ DE REP\u00daBLICA DOMINICANA"},"content":{"rendered":"<p data-olk-copy-source=\"MessageBody\"><img loading=\"lazy\" decoding=\"async\" class=\"alignnone size-medium wp-image-4029\" src=\"https:\/\/elpueblonoticia.com.ar\/web\/wp-content\/uploads\/2025\/11\/Mariano-Hormaechea-con-Armadora-Dominicana-1-300x199.jpg\" alt=\"\" width=\"300\" height=\"199\" srcset=\"https:\/\/elpueblonoticia.com.ar\/web\/wp-content\/uploads\/2025\/11\/Mariano-Hormaechea-con-Armadora-Dominicana-1-300x199.jpg 300w, https:\/\/elpueblonoticia.com.ar\/web\/wp-content\/uploads\/2025\/11\/Mariano-Hormaechea-con-Armadora-Dominicana-1-1024x678.jpg 1024w, https:\/\/elpueblonoticia.com.ar\/web\/wp-content\/uploads\/2025\/11\/Mariano-Hormaechea-con-Armadora-Dominicana-1-768x508.jpg 768w, https:\/\/elpueblonoticia.com.ar\/web\/wp-content\/uploads\/2025\/11\/Mariano-Hormaechea-con-Armadora-Dominicana-1-1536x1017.jpg 1536w, https:\/\/elpueblonoticia.com.ar\/web\/wp-content\/uploads\/2025\/11\/Mariano-Hormaechea-con-Armadora-Dominicana-1-635x420.jpg 635w, https:\/\/elpueblonoticia.com.ar\/web\/wp-content\/uploads\/2025\/11\/Mariano-Hormaechea-con-Armadora-Dominicana-1-696x461.jpg 696w, https:\/\/elpueblonoticia.com.ar\/web\/wp-content\/uploads\/2025\/11\/Mariano-Hormaechea-con-Armadora-Dominicana-1-1068x707.jpg 1068w, https:\/\/elpueblonoticia.com.ar\/web\/wp-content\/uploads\/2025\/11\/Mariano-Hormaechea-con-Armadora-Dominicana-1.jpg 1600w\" sizes=\"auto, (max-width: 300px) 100vw, 300px\" \/><img loading=\"lazy\" decoding=\"async\" class=\"alignnone size-medium wp-image-4030\" src=\"https:\/\/elpueblonoticia.com.ar\/web\/wp-content\/uploads\/2025\/11\/Mariano-Hormaechea-con-Armadora-Dominicana-4-300x199.jpg\" alt=\"\" width=\"300\" height=\"199\" srcset=\"https:\/\/elpueblonoticia.com.ar\/web\/wp-content\/uploads\/2025\/11\/Mariano-Hormaechea-con-Armadora-Dominicana-4-300x199.jpg 300w, https:\/\/elpueblonoticia.com.ar\/web\/wp-content\/uploads\/2025\/11\/Mariano-Hormaechea-con-Armadora-Dominicana-4-1024x678.jpg 1024w, https:\/\/elpueblonoticia.com.ar\/web\/wp-content\/uploads\/2025\/11\/Mariano-Hormaechea-con-Armadora-Dominicana-4-768x508.jpg 768w, https:\/\/elpueblonoticia.com.ar\/web\/wp-content\/uploads\/2025\/11\/Mariano-Hormaechea-con-Armadora-Dominicana-4-1536x1017.jpg 1536w, https:\/\/elpueblonoticia.com.ar\/web\/wp-content\/uploads\/2025\/11\/Mariano-Hormaechea-con-Armadora-Dominicana-4-635x420.jpg 635w, https:\/\/elpueblonoticia.com.ar\/web\/wp-content\/uploads\/2025\/11\/Mariano-Hormaechea-con-Armadora-Dominicana-4-696x461.jpg 696w, https:\/\/elpueblonoticia.com.ar\/web\/wp-content\/uploads\/2025\/11\/Mariano-Hormaechea-con-Armadora-Dominicana-4-1068x707.jpg 1068w, https:\/\/elpueblonoticia.com.ar\/web\/wp-content\/uploads\/2025\/11\/Mariano-Hormaechea-con-Armadora-Dominicana-4.jpg 1600w\" sizes=\"auto, (max-width: 300px) 100vw, 300px\" \/><img loading=\"lazy\" decoding=\"async\" class=\"alignnone size-medium wp-image-4031\" src=\"https:\/\/elpueblonoticia.com.ar\/web\/wp-content\/uploads\/2025\/11\/Mariano-Hormaechea-con-Armadora-Dominicana-3-300x199.jpg\" alt=\"\" width=\"300\" height=\"199\" srcset=\"https:\/\/elpueblonoticia.com.ar\/web\/wp-content\/uploads\/2025\/11\/Mariano-Hormaechea-con-Armadora-Dominicana-3-300x199.jpg 300w, https:\/\/elpueblonoticia.com.ar\/web\/wp-content\/uploads\/2025\/11\/Mariano-Hormaechea-con-Armadora-Dominicana-3-1024x678.jpg 1024w, https:\/\/elpueblonoticia.com.ar\/web\/wp-content\/uploads\/2025\/11\/Mariano-Hormaechea-con-Armadora-Dominicana-3-768x509.jpg 768w, https:\/\/elpueblonoticia.com.ar\/web\/wp-content\/uploads\/2025\/11\/Mariano-Hormaechea-con-Armadora-Dominicana-3-1536x1017.jpg 1536w, https:\/\/elpueblonoticia.com.ar\/web\/wp-content\/uploads\/2025\/11\/Mariano-Hormaechea-con-Armadora-Dominicana-3-634x420.jpg 634w, https:\/\/elpueblonoticia.com.ar\/web\/wp-content\/uploads\/2025\/11\/Mariano-Hormaechea-con-Armadora-Dominicana-3-696x461.jpg 696w, https:\/\/elpueblonoticia.com.ar\/web\/wp-content\/uploads\/2025\/11\/Mariano-Hormaechea-con-Armadora-Dominicana-3-1068x707.jpg 1068w, https:\/\/elpueblonoticia.com.ar\/web\/wp-content\/uploads\/2025\/11\/Mariano-Hormaechea-con-Armadora-Dominicana-3.jpg 1599w\" sizes=\"auto, (max-width: 300px) 100vw, 300px\" \/><\/p>\n<p class=\"x_MsoNormal\" data-olk-copy-source=\"MessageBody\">El Jefe Comunal goyano recibi\u00f3 en su despacho a Mercedes Henr\u00edquez, Maestra Armadora de Rep\u00fablica Dominicana \u2013 INTABACO, quien disertar\u00e1 el viernes en el SUM de Costa Surub\u00ed como parte del programa del XVI Encuentro de Armadores de Cigarros y Puros que se realiza en nuestra ciudad del 20 al 22 del corriente mes.<\/p>\n<p class=\"x_MsoNormal\" aria-hidden=\"true\">\n<p class=\"x_MsoNormal\">Durante el encuentro con el Intendente, la armadora internacional agradeci\u00f3 la oportunidad de estar nuevamente en Goya para compartir la experiencia del armado de estos productos, marcando la importancia del intercambio de conocimiento y materia prima usada para la elaboraci\u00f3n de estos productos realizados con un tabaco diferenciados (Criollo Correntino), en su producci\u00f3n.<\/p>\n<p class=\"x_MsoNormal\" aria-hidden=\"true\">\n<p class=\"x_MsoNormal\">Mariano Hormaechea destac\u00f3 el impulso que desde la Municipalidad se da a la producci\u00f3n de un producto que marca la esencia y la identidad de la regi\u00f3n como productora tabacalera, valorando el trabajo de las entidades municipales, provinciales y cooperativistas para llevar adelante este encuentro de armadores de cigarros.<\/p>\n<p class=\"x_MsoNormal\" aria-hidden=\"true\">\n<p class=\"x_MsoNormal\">De la reuni\u00f3n junto al Intendente participaron\u00a0 el Secretario de Producci\u00f3n de la Municipalidad Valerio Ramirez, el Jefe de la Agencia de Extensi\u00f3n del INTA Goya Ing. Martin Zabala, Norma Sandrez de la Cooperativa Alma de Tabaco.<\/p>\n<p class=\"x_MsoNormal\" aria-hidden=\"true\">\n","protected":false},"excerpt":{"rendered":"<p>El Jefe Comunal goyano recibi\u00f3 en su despacho a Mercedes Henr\u00edquez, Maestra Armadora de Rep\u00fablica Dominicana \u2013 INTABACO, quien disertar\u00e1 el viernes en el SUM de Costa Surub\u00ed como parte del programa del XVI Encuentro de Armadores de Cigarros y Puros que se realiza en nuestra ciudad del 20 al 22 del corriente mes. Durante [&hellip;]<\/p>\n","protected":false},"author":2,"featured_media":4028,"comment_status":"open","ping_status":"open","sticky":false,"template":"","format":"standard","meta":{"footnotes":""},"categories":[56],"tags":[],"class_list":{"0":"post-4027","1":"post","2":"type-post","3":"status-publish","4":"format-standard","5":"has-post-thumbnail","7":"category-locales"},"_links":{"self":[{"href":"https:\/\/elpueblonoticia.com.ar\/web\/wp-json\/wp\/v2\/posts\/4027","targetHints":{"allow":["GET"]}}],"collection":[{"href":"https:\/\/elpueblonoticia.com.ar\/web\/wp-json\/wp\/v2\/posts"}],"about":[{"href":"https:\/\/elpueblonoticia.com.ar\/web\/wp-json\/wp\/v2\/types\/post"}],"author":[{"embeddable":true,"href":"https:\/\/elpueblonoticia.com.ar\/web\/wp-json\/wp\/v2\/users\/2"}],"replies":[{"embeddable":true,"href":"https:\/\/elpueblonoticia.com.ar\/web\/wp-json\/wp\/v2\/comments?post=4027"}],"version-history":[{"count":1,"href":"https:\/\/elpueblonoticia.com.ar\/web\/wp-json\/wp\/v2\/posts\/4027\/revisions"}],"predecessor-version":[{"id":4032,"href":"https:\/\/elpueblonoticia.com.ar\/web\/wp-json\/wp\/v2\/posts\/4027\/revisions\/4032"}],"wp:featuredmedia":[{"embeddable":true,"href":"https:\/\/elpueblonoticia.com.ar\/web\/wp-json\/wp\/v2\/media\/4028"}],"wp:attachment":[{"href":"https:\/\/elpueblonoticia.com.ar\/web\/wp-json\/wp\/v2\/media?parent=4027"}],"wp:term":[{"taxonomy":"category","embeddable":true,"href":"https:\/\/elpueblonoticia.com.ar\/web\/wp-json\/wp\/v2\/categories?post=4027"},{"taxonomy":"post_tag","embeddable":true,"href":"https:\/\/elpueblonoticia.com.ar\/web\/wp-json\/wp\/v2\/tags?post=4027"}],"curies":[{"name":"wp","href":"https:\/\/api.w.org\/{rel}","templated":true}]}}