{"id":4021,"date":"2025-11-21T09:28:55","date_gmt":"2025-11-21T12:28:55","guid":{"rendered":"https:\/\/elpueblonoticia.com.ar\/web\/?p=4021"},"modified":"2025-11-21T09:28:55","modified_gmt":"2025-11-21T12:28:55","slug":"charla-sobre-gestion-del-riesgo-hidrico-en-el-marco-de-la-semana-de-la-educacion-tecnica","status":"publish","type":"post","link":"https:\/\/elpueblonoticia.com.ar\/web\/2025\/11\/21\/charla-sobre-gestion-del-riesgo-hidrico-en-el-marco-de-la-semana-de-la-educacion-tecnica\/","title":{"rendered":"CHARLA SOBRE GESTI\u00d3N DEL RIESGO H\u00cdDRICO EN EL MARCO DE LA SEMANA DE LA EDUCACI\u00d3N T\u00c9CNICA"},"content":{"rendered":"<p data-olk-copy-source=\"MessageBody\"><img loading=\"lazy\" decoding=\"async\" class=\"alignnone size-medium wp-image-4024\" src=\"https:\/\/elpueblonoticia.com.ar\/web\/wp-content\/uploads\/2025\/11\/prodego-1-300x138.jpeg\" alt=\"\" width=\"300\" height=\"138\" srcset=\"https:\/\/elpueblonoticia.com.ar\/web\/wp-content\/uploads\/2025\/11\/prodego-1-300x138.jpeg 300w, https:\/\/elpueblonoticia.com.ar\/web\/wp-content\/uploads\/2025\/11\/prodego-1-1024x472.jpeg 1024w, https:\/\/elpueblonoticia.com.ar\/web\/wp-content\/uploads\/2025\/11\/prodego-1-768x354.jpeg 768w, https:\/\/elpueblonoticia.com.ar\/web\/wp-content\/uploads\/2025\/11\/prodego-1-911x420.jpeg 911w, https:\/\/elpueblonoticia.com.ar\/web\/wp-content\/uploads\/2025\/11\/prodego-1-696x321.jpeg 696w, https:\/\/elpueblonoticia.com.ar\/web\/wp-content\/uploads\/2025\/11\/prodego-1-1068x492.jpeg 1068w, https:\/\/elpueblonoticia.com.ar\/web\/wp-content\/uploads\/2025\/11\/prodego-1.jpeg 1280w\" sizes=\"auto, (max-width: 300px) 100vw, 300px\" \/><\/p>\n<p class=\"x_MsoNormal\" data-olk-copy-source=\"MessageBody\">En el marco de las actividades por la Semana de la Educaci\u00f3n T\u00e9cnica, y como parte de las acciones de sensibilizaci\u00f3n en Gesti\u00f3n del Riesgo H\u00eddrico, el PRODEGO fue invitado por la rectora del establecimiento, Arq. Lidia Moqui, a dictar una charla destinada a estudiantes y docentes.<\/p>\n<p class=\"x_MsoNormal\">La jornada estuvo a cargo del Administrador General del PRODEGO, Ing. Gustavo Gabiassi quien, junto al director de Pluviales, Tec. Carlos Castillo, desarroll\u00f3 una exposici\u00f3n integral sobre la problem\u00e1tica de las inundaciones y los desaf\u00edos que impone el cambio clim\u00e1tico y el efecto invernadero. Ambos especialistas detallaron, adem\u00e1s, las caracter\u00edsticas del sistema integral de defensas contra inundaciones con el que cuenta la ciudad, explicando su funcionamiento y la importancia de su mantenimiento.<\/p>\n<p class=\"x_MsoNormal\">\u00a0La presentaci\u00f3n se acompa\u00f1\u00f3 con material audiovisual institucional, que incluy\u00f3 videos sobre la historia de las inundaciones en Goya, el rol de las estaciones de bombeo, las defensas y las principales obras hidr\u00e1ulicas ejecutadas en los \u00faltimos a\u00f1os.<\/p>\n<p class=\"x_MsoNormal\">Desde el PRODEGO expresaron su agradecimiento a las autoridades educativas por abrir este espacio de formaci\u00f3n y permitir el desarrollo de la disertaci\u00f3n, destacando que este tipo de encuentros contribuyen a la difusi\u00f3n de informaci\u00f3n clave y a generar mayor conciencia sobre la gesti\u00f3n del riesgo h\u00eddrico en la comunidad.<\/p>\n","protected":false},"excerpt":{"rendered":"<p>En el marco de las actividades por la Semana de la Educaci\u00f3n T\u00e9cnica, y como parte de las acciones de sensibilizaci\u00f3n en Gesti\u00f3n del Riesgo H\u00eddrico, el PRODEGO fue invitado por la rectora del establecimiento, Arq. Lidia Moqui, a dictar una charla destinada a estudiantes y docentes. La jornada estuvo a cargo del Administrador General [&hellip;]<\/p>\n","protected":false},"author":2,"featured_media":4023,"comment_status":"open","ping_status":"open","sticky":false,"template":"","format":"standard","meta":{"footnotes":""},"categories":[56],"tags":[],"class_list":{"0":"post-4021","1":"post","2":"type-post","3":"status-publish","4":"format-standard","5":"has-post-thumbnail","7":"category-locales"},"_links":{"self":[{"href":"https:\/\/elpueblonoticia.com.ar\/web\/wp-json\/wp\/v2\/posts\/4021","targetHints":{"allow":["GET"]}}],"collection":[{"href":"https:\/\/elpueblonoticia.com.ar\/web\/wp-json\/wp\/v2\/posts"}],"about":[{"href":"https:\/\/elpueblonoticia.com.ar\/web\/wp-json\/wp\/v2\/types\/post"}],"author":[{"embeddable":true,"href":"https:\/\/elpueblonoticia.com.ar\/web\/wp-json\/wp\/v2\/users\/2"}],"replies":[{"embeddable":true,"href":"https:\/\/elpueblonoticia.com.ar\/web\/wp-json\/wp\/v2\/comments?post=4021"}],"version-history":[{"count":1,"href":"https:\/\/elpueblonoticia.com.ar\/web\/wp-json\/wp\/v2\/posts\/4021\/revisions"}],"predecessor-version":[{"id":4025,"href":"https:\/\/elpueblonoticia.com.ar\/web\/wp-json\/wp\/v2\/posts\/4021\/revisions\/4025"}],"wp:featuredmedia":[{"embeddable":true,"href":"https:\/\/elpueblonoticia.com.ar\/web\/wp-json\/wp\/v2\/media\/4023"}],"wp:attachment":[{"href":"https:\/\/elpueblonoticia.com.ar\/web\/wp-json\/wp\/v2\/media?parent=4021"}],"wp:term":[{"taxonomy":"category","embeddable":true,"href":"https:\/\/elpueblonoticia.com.ar\/web\/wp-json\/wp\/v2\/categories?post=4021"},{"taxonomy":"post_tag","embeddable":true,"href":"https:\/\/elpueblonoticia.com.ar\/web\/wp-json\/wp\/v2\/tags?post=4021"}],"curies":[{"name":"wp","href":"https:\/\/api.w.org\/{rel}","templated":true}]}}