{"id":4007,"date":"2025-11-20T11:57:22","date_gmt":"2025-11-20T14:57:22","guid":{"rendered":"https:\/\/elpueblonoticia.com.ar\/web\/?p=4007"},"modified":"2025-11-20T11:57:22","modified_gmt":"2025-11-20T14:57:22","slug":"monsenor-canecin-comunico-los-nuevos-destinos-pastorales-al-finalizar-la-ultima-reunion-del-clero","status":"publish","type":"post","link":"https:\/\/elpueblonoticia.com.ar\/web\/2025\/11\/20\/monsenor-canecin-comunico-los-nuevos-destinos-pastorales-al-finalizar-la-ultima-reunion-del-clero\/","title":{"rendered":"MONSE\u00d1OR CANECIN COMUNIC\u00d3 LOS NUEVOS DESTINOS PASTORALES AL FINALIZAR LA \u00daLTIMA REUNI\u00d3N DEL CLERO"},"content":{"rendered":"<p><strong>El presbiterio de la Di\u00f3cesis de Goya finaliz\u00f3 el mi\u00e9rcoles la \u00faltima reuni\u00f3n general del a\u00f1o, presidida por el obispo, monse\u00f1or Adolfo Ram\u00f3n Canecin.<\/strong><\/p>\n<p>&nbsp;<\/p>\n<p>El encuentro, que tuvo lugar desde el lunes 17 hasta el mi\u00e9rcoles 19 de noviembre en la Casa de Ejercicios Espirituales San Liborio (Estaci\u00f3n Solari), congreg\u00f3 a los sacerdotes para evaluar el camino recorrido y proyectar metas futuras en el marco del A\u00f1o Jubilar de la Esperanza.<\/p>\n<p>Las jornadas iniciaron con la celebraci\u00f3n de la Misa y una cena fraterna, dando paso a un intenso trabajo de an\u00e1lisis. Entre los puntos principales abordados por el clero se destacaron:<\/p>\n<p>Evaluaci\u00f3n del Plan Pastoral y la Misi\u00f3n de la Reconciliaci\u00f3n. An\u00e1lisis del novenario 2024-2025 y el S\u00ednodo de la Sinodalidad. Revisi\u00f3n de la situaci\u00f3n econ\u00f3mica diocesana y evaluaciones sobre la Escuela de Diaconado y el retiro Ema\u00fas de Sacerdotes.<\/p>\n<p>El mi\u00e9rcoles 19, la agenda se centr\u00f3 en la planificaci\u00f3n y renovaci\u00f3n de estructuras. Se present\u00f3 el novenario 2025-2026, se conform\u00f3 el equipo responsable para el pr\u00f3ximo trienio y se defini\u00f3 la Agenda 2026.<\/p>\n<p><strong>Anuncio de los Nuevos Destinos Pastorales<\/strong><\/p>\n<p>Como broche final del encuentro, y mediante un comunicado oficial difundido por prensa del obispado, Monse\u00f1or Canecin confirm\u00f3 las nuevas asignaciones para la di\u00f3cesis:<\/p>\n<p>Pbro. Pedro Pablo Ojeda: Asumir\u00e1 como p\u00e1rroco de la parroquia Santa Rita, en la ciudad de Esquina.<\/p>\n<p>Pbro. Jos\u00e9 Eduardo Ort\u00edz: Asumir\u00e1 como p\u00e1rroco de la parroquia Nuestra Se\u00f1ora del Carmen, en la localidad de Sauce.<\/p>\n<p>Pbro. Miguel \u00c1ngel Galeano: Asumir\u00e1 como vicario en la parroquia Nuestra Se\u00f1ora del Rosario, en Goya.<\/p>\n<p>Pbro. Pablo Esteban Stortti: Ser\u00e1 enviado a Roma (Italia) para realizar estudios superiores en Teolog\u00eda Dogm\u00e1tica de la Iglesia.-<\/p>\n","protected":false},"excerpt":{"rendered":"<p>El presbiterio de la Di\u00f3cesis de Goya finaliz\u00f3 el mi\u00e9rcoles la \u00faltima reuni\u00f3n general del a\u00f1o, presidida por el obispo, monse\u00f1or Adolfo Ram\u00f3n Canecin. &nbsp; El encuentro, que tuvo lugar desde el lunes 17 hasta el mi\u00e9rcoles 19 de noviembre en la Casa de Ejercicios Espirituales San Liborio (Estaci\u00f3n Solari), congreg\u00f3 a los sacerdotes para [&hellip;]<\/p>\n","protected":false},"author":2,"featured_media":4008,"comment_status":"open","ping_status":"open","sticky":false,"template":"","format":"standard","meta":{"footnotes":""},"categories":[56],"tags":[],"class_list":{"0":"post-4007","1":"post","2":"type-post","3":"status-publish","4":"format-standard","5":"has-post-thumbnail","7":"category-locales"},"_links":{"self":[{"href":"https:\/\/elpueblonoticia.com.ar\/web\/wp-json\/wp\/v2\/posts\/4007","targetHints":{"allow":["GET"]}}],"collection":[{"href":"https:\/\/elpueblonoticia.com.ar\/web\/wp-json\/wp\/v2\/posts"}],"about":[{"href":"https:\/\/elpueblonoticia.com.ar\/web\/wp-json\/wp\/v2\/types\/post"}],"author":[{"embeddable":true,"href":"https:\/\/elpueblonoticia.com.ar\/web\/wp-json\/wp\/v2\/users\/2"}],"replies":[{"embeddable":true,"href":"https:\/\/elpueblonoticia.com.ar\/web\/wp-json\/wp\/v2\/comments?post=4007"}],"version-history":[{"count":1,"href":"https:\/\/elpueblonoticia.com.ar\/web\/wp-json\/wp\/v2\/posts\/4007\/revisions"}],"predecessor-version":[{"id":4009,"href":"https:\/\/elpueblonoticia.com.ar\/web\/wp-json\/wp\/v2\/posts\/4007\/revisions\/4009"}],"wp:featuredmedia":[{"embeddable":true,"href":"https:\/\/elpueblonoticia.com.ar\/web\/wp-json\/wp\/v2\/media\/4008"}],"wp:attachment":[{"href":"https:\/\/elpueblonoticia.com.ar\/web\/wp-json\/wp\/v2\/media?parent=4007"}],"wp:term":[{"taxonomy":"category","embeddable":true,"href":"https:\/\/elpueblonoticia.com.ar\/web\/wp-json\/wp\/v2\/categories?post=4007"},{"taxonomy":"post_tag","embeddable":true,"href":"https:\/\/elpueblonoticia.com.ar\/web\/wp-json\/wp\/v2\/tags?post=4007"}],"curies":[{"name":"wp","href":"https:\/\/api.w.org\/{rel}","templated":true}]}}