{"id":4002,"date":"2025-11-20T11:42:57","date_gmt":"2025-11-20T14:42:57","guid":{"rendered":"https:\/\/elpueblonoticia.com.ar\/web\/?p=4002"},"modified":"2025-11-20T11:42:57","modified_gmt":"2025-11-20T14:42:57","slug":"allanamiento-positivo-de-la-comisaria-cuarta-en-un-caso-de-robo-en-el-barrio-san-ramon","status":"publish","type":"post","link":"https:\/\/elpueblonoticia.com.ar\/web\/2025\/11\/20\/allanamiento-positivo-de-la-comisaria-cuarta-en-un-caso-de-robo-en-el-barrio-san-ramon\/","title":{"rendered":"Allanamiento positivo de la Comisar\u00eda Cuarta en un caso de robo en el Barrio San Ram\u00f3n"},"content":{"rendered":"<p>Bajo las directivas del comisario Miguel \u00c1ngel Meza, la fuerza policial logr\u00f3 recuperar la totalidad de los elementos sustra\u00eddos y avanzar en la causa judicial. Mediante un allanamiento realizado en una vivienda lograron la detenci\u00f3n de una persona sindicada como el supuesto autor del delito. El operativo respondi\u00f3 a la orden de allanamiento, firmada por el Juez de Garant\u00edas, doctor Carlos Antonio Balestra.<\/p>\n<div>Personal de la Comisar\u00eda Seccional Cuarta concret\u00f3 un importante avance en la lucha contra el delito local. Tras una intensa investigaci\u00f3n, el mi\u00e9rcoles 19 de noviembre se llev\u00f3 a cabo un allanamiento que culmin\u00f3 con el secuestro de numerosos bienes que hab\u00edan sido robados de una vivienda familiar en el Barrio San Ram\u00f3n.<\/div>\n<div><\/div>\n<div>El procedimiento se realiz\u00f3 cerca de las 20:00 horas en un domicilio de la calle Monse\u00f1or D&#8217;Andrea al 445 (propiedad de la familia Segovia).<\/div>\n<div><\/div>\n<div>Fuentes policiales detallaron la lista de los elementos que fueron asegurados durante la requisa:<\/div>\n<div><\/div>\n<div>Ropa de cama: Colchas de polar (de 2 plazas y 2 \u00bd plazas). Vajilla: Vasos, platos de vidrio. Un rallador, yerbera y azucarera de metal. Un espejo de madera de gran tama\u00f1o (1 metro aprox.).<\/div>\n<div><\/div>\n<div>Todo lo actuado se enmarca en la causa caratulada como &#8220;Supuesto Robo Simple&#8221;, que tiene como principal investigado a un ciudadano Mart\u00ednez. Desde la dependencia policial destacaron que el r\u00e1pido accionar permiti\u00f3 dar respuesta a los vecinos afectados. &#8211;<\/div>\n","protected":false},"excerpt":{"rendered":"<p>Bajo las directivas del comisario Miguel \u00c1ngel Meza, la fuerza policial logr\u00f3 recuperar la totalidad de los elementos sustra\u00eddos y avanzar en la causa judicial. Mediante un allanamiento realizado en una vivienda lograron la detenci\u00f3n de una persona sindicada como el supuesto autor del delito. El operativo respondi\u00f3 a la orden de allanamiento, firmada por [&hellip;]<\/p>\n","protected":false},"author":2,"featured_media":4003,"comment_status":"open","ping_status":"open","sticky":false,"template":"","format":"standard","meta":{"footnotes":""},"categories":[68],"tags":[],"class_list":{"0":"post-4002","1":"post","2":"type-post","3":"status-publish","4":"format-standard","5":"has-post-thumbnail","7":"category-policiales-nacionales"},"_links":{"self":[{"href":"https:\/\/elpueblonoticia.com.ar\/web\/wp-json\/wp\/v2\/posts\/4002","targetHints":{"allow":["GET"]}}],"collection":[{"href":"https:\/\/elpueblonoticia.com.ar\/web\/wp-json\/wp\/v2\/posts"}],"about":[{"href":"https:\/\/elpueblonoticia.com.ar\/web\/wp-json\/wp\/v2\/types\/post"}],"author":[{"embeddable":true,"href":"https:\/\/elpueblonoticia.com.ar\/web\/wp-json\/wp\/v2\/users\/2"}],"replies":[{"embeddable":true,"href":"https:\/\/elpueblonoticia.com.ar\/web\/wp-json\/wp\/v2\/comments?post=4002"}],"version-history":[{"count":1,"href":"https:\/\/elpueblonoticia.com.ar\/web\/wp-json\/wp\/v2\/posts\/4002\/revisions"}],"predecessor-version":[{"id":4004,"href":"https:\/\/elpueblonoticia.com.ar\/web\/wp-json\/wp\/v2\/posts\/4002\/revisions\/4004"}],"wp:featuredmedia":[{"embeddable":true,"href":"https:\/\/elpueblonoticia.com.ar\/web\/wp-json\/wp\/v2\/media\/4003"}],"wp:attachment":[{"href":"https:\/\/elpueblonoticia.com.ar\/web\/wp-json\/wp\/v2\/media?parent=4002"}],"wp:term":[{"taxonomy":"category","embeddable":true,"href":"https:\/\/elpueblonoticia.com.ar\/web\/wp-json\/wp\/v2\/categories?post=4002"},{"taxonomy":"post_tag","embeddable":true,"href":"https:\/\/elpueblonoticia.com.ar\/web\/wp-json\/wp\/v2\/tags?post=4002"}],"curies":[{"name":"wp","href":"https:\/\/api.w.org\/{rel}","templated":true}]}}