{"id":3998,"date":"2025-11-20T11:24:50","date_gmt":"2025-11-20T14:24:50","guid":{"rendered":"https:\/\/elpueblonoticia.com.ar\/web\/?p=3998"},"modified":"2025-11-20T11:24:50","modified_gmt":"2025-11-20T14:24:50","slug":"lla-sumo-a-otros-tres-diputados-a-su-bloque-y-esta-mas-cerca-de-disputarle-la-primera-minoria-al-peronismo","status":"publish","type":"post","link":"https:\/\/elpueblonoticia.com.ar\/web\/2025\/11\/20\/lla-sumo-a-otros-tres-diputados-a-su-bloque-y-esta-mas-cerca-de-disputarle-la-primera-minoria-al-peronismo\/","title":{"rendered":"LLA sum\u00f3 a otros tres diputados a su bloque y est\u00e1 m\u00e1s cerca de disputarle la primera minor\u00eda al peronismo"},"content":{"rendered":"<p><strong>Los miembros de la Liga del Interior, conocidos popularmente como \u201cradicales con peluca\u201d, se incorporar\u00e1n a la bancada oficialista, que quedar\u00e1 con 91 integrantes. El peronismo tiene 96 esca\u00f1os, pero enfrenta fuertes tensiones internas y no se descartan eventuales rupturas.<\/strong><\/p>\n<p>&nbsp;<\/p>\n<p><strong>La Libertad Avanza\u00a0<\/strong>sigue consolidando su poder en la\u00a0<strong>C\u00e1mara de Diputados<\/strong>. Este mi\u00e9rcoles fuentes oficiales confirmaron que\u00a0<strong>se incorporar\u00e1n al bloque los tres radicales disidentes de La Liga del Interior<\/strong>\u00a0que tienen mandato hasta 2027.<\/p>\n<p class=\"paragraph\" data-mrf-recirculation=\"Links inline\">Se trata del tucumano\u00a0<strong>Mariano Campero<\/strong>, el cordob\u00e9s\u00a0<strong>Luis Picat<\/strong>\u00a0y el correntino\u00a0<strong>Federico Tournier<\/strong>, quienes fueron bautizados hace un a\u00f1o y medio como<strong>\u00a0radicales \u201ccon peluca\u201d\u00a0<\/strong>tras\u00a0<strong>apoyar los dos primeros vetos<\/strong>\u00a0<strong>de Javier Milei\u00a0<\/strong>al aumento jubilatorio y el financiamiento universitario.<\/p>\n<p class=\"paragraph\" data-mrf-recirculation=\"Links inline\">Con estas incorporaciones los libertarios\u00a0<strong>tendr\u00e1n un bloque con 91 miembros<\/strong>, lo que les permite entusiasmarse con\u00a0<strong>arrebatarle la primera minor\u00eda al peronismo<\/strong>, que tras los anuncios de Javier Noguera y Jorge \u201cGato\u201d Fern\u00e1ndez comenzar\u00e1 el nuevo ciclo legislativo con\u00a0<strong>96 bancas.<\/strong><\/p>\n<p class=\"paragraph\" data-mrf-recirculation=\"Links inline\">\u201cJunto a Mart\u00edn Menem\u00a0<strong>seguimos sumando leones para aprobar las leyes que Milei necesita<\/strong>. A partir de diciembre seremos el Congreso m\u00e1s reformista de la historia\u201d, public\u00f3\u00a0<strong>Gabriel Bornoroni<\/strong>\u00a0en sus redes sociales.<\/p>\n<div class=\"visual__image\"><picture>\u00a0<\/picture><\/div>\n<p>En la Casa Rosada no esconden sus intenciones de fracturar al bloque de Fuerza Patria. Espec\u00edficamente apuntan a los gobernadores de Catamarca,\u00a0<strong>Ra\u00fal Jalil<\/strong>, y de Santiago del Estero,\u00a0<strong>Gerardo Zamora<\/strong>, para que se diferencien del kirchnerismo y engrosen las filas de la oposici\u00f3n \u201cdialoguista\u201d.<\/p>\n<p class=\"paragraph\" data-mrf-recirculation=\"Links inline\">Los diputados de Catamarca que responden a Jalil son 4 y los santiague\u00f1os son 7, por lo que una ruptura significar\u00eda un duro golpe contra el peronismo, que<strong>\u00a0al perder la primera minor\u00eda ver\u00eda reducida su presencia en todas las comisiones de la C\u00e1mara de Diputados.<\/strong><\/p>\n<div class=\"visual__image\"><picture><source srcset=\"https:\/\/www.infobae.com\/resizer\/v2\/TUFP2AGLVNGI7FQ4CPUWCGKCJ4.jpg?auth=4707bb50942aec4dbcc4ac2bef6004980b06ca7cbc18e4c1d02efe5e6a010c80&amp;smart=true&amp;width=992&amp;height=558&amp;quality=85\" media=\"(min-width: 1000px)\" \/><source srcset=\"https:\/\/www.infobae.com\/resizer\/v2\/TUFP2AGLVNGI7FQ4CPUWCGKCJ4.jpg?auth=4707bb50942aec4dbcc4ac2bef6004980b06ca7cbc18e4c1d02efe5e6a010c80&amp;smart=true&amp;width=768&amp;height=432&amp;quality=85\" media=\"(min-width: 768px)\" \/><source srcset=\"https:\/\/www.infobae.com\/resizer\/v2\/TUFP2AGLVNGI7FQ4CPUWCGKCJ4.jpg?auth=4707bb50942aec4dbcc4ac2bef6004980b06ca7cbc18e4c1d02efe5e6a010c80&amp;smart=true&amp;width=577&amp;height=325&amp;quality=85\" media=\"(min-width: 580px)\" \/><source srcset=\"https:\/\/www.infobae.com\/resizer\/v2\/TUFP2AGLVNGI7FQ4CPUWCGKCJ4.jpg?auth=4707bb50942aec4dbcc4ac2bef6004980b06ca7cbc18e4c1d02efe5e6a010c80&amp;smart=true&amp;width=420&amp;height=236&amp;quality=85\" media=\"(min-width: 350px)\" \/><source srcset=\"https:\/\/www.infobae.com\/resizer\/v2\/TUFP2AGLVNGI7FQ4CPUWCGKCJ4.jpg?auth=4707bb50942aec4dbcc4ac2bef6004980b06ca7cbc18e4c1d02efe5e6a010c80&amp;smart=true&amp;width=350&amp;height=197&amp;quality=85\" media=\"(min-width: 80px)\" \/><img loading=\"lazy\" decoding=\"async\" class=\"global-image\" src=\"https:\/\/www.infobae.com\/resizer\/v2\/TUFP2AGLVNGI7FQ4CPUWCGKCJ4.jpg?auth=4707bb50942aec4dbcc4ac2bef6004980b06ca7cbc18e4c1d02efe5e6a010c80&amp;smart=true&amp;width=350&amp;height=197&amp;quality=85\" alt=\"Jorge Noguera anunci\u00f3 que no\" width=\"1920\" height=\"1080\" data-src=\"https:\/\/www.infobae.com\/resizer\/v2\/TUFP2AGLVNGI7FQ4CPUWCGKCJ4.jpg?auth=4707bb50942aec4dbcc4ac2bef6004980b06ca7cbc18e4c1d02efe5e6a010c80&amp;smart=true&amp;width=350&amp;height=197&amp;quality=85\" \/><\/picture><\/div>\n<div><\/div>\n<div>\n<p class=\"paragraph\" data-mrf-recirculation=\"Links inline\">Los libertarios aprovecharon la contundente victoria electoral de octubre para\u00a0<strong>arrebatarle al bloque PRO a todos los diputados que se referencian pol\u00edticamente en Patricia Bullrich<\/strong>. Los primeros en pintarse de violeta fueron Dami\u00e1n Arabia, Sabrina Ajmechet, Laura Rodr\u00edguez Machado, Silvana Giudici, Patricia V\u00e1zquez, que tienen mandato hasta 2027, adem\u00e1s de los ingresantes Mar\u00eda Luisa Gonz\u00e1lez Estevarena y Carlos Almenda. Algunos d\u00edas despu\u00e9s se anunci\u00f3 el pase de Bel\u00e9n Avico.<\/p>\n<div class=\"visual__image\"><picture><source srcset=\"https:\/\/www.infobae.com\/resizer\/v2\/NGO4DOHZFFABZKWTCKEYRAITEU.JPG?auth=3b2de35d0b2167d8fbd85b651d481c152abd16c45dd3a45b7b283b9787faad1e&amp;smart=true&amp;width=992&amp;height=558&amp;quality=85\" media=\"(min-width: 1000px)\" \/><source srcset=\"https:\/\/www.infobae.com\/resizer\/v2\/NGO4DOHZFFABZKWTCKEYRAITEU.JPG?auth=3b2de35d0b2167d8fbd85b651d481c152abd16c45dd3a45b7b283b9787faad1e&amp;smart=true&amp;width=768&amp;height=432&amp;quality=85\" media=\"(min-width: 768px)\" \/><source srcset=\"https:\/\/www.infobae.com\/resizer\/v2\/NGO4DOHZFFABZKWTCKEYRAITEU.JPG?auth=3b2de35d0b2167d8fbd85b651d481c152abd16c45dd3a45b7b283b9787faad1e&amp;smart=true&amp;width=577&amp;height=325&amp;quality=85\" media=\"(min-width: 580px)\" \/><source srcset=\"https:\/\/www.infobae.com\/resizer\/v2\/NGO4DOHZFFABZKWTCKEYRAITEU.JPG?auth=3b2de35d0b2167d8fbd85b651d481c152abd16c45dd3a45b7b283b9787faad1e&amp;smart=true&amp;width=420&amp;height=236&amp;quality=85\" media=\"(min-width: 350px)\" \/><source srcset=\"https:\/\/www.infobae.com\/resizer\/v2\/NGO4DOHZFFABZKWTCKEYRAITEU.JPG?auth=3b2de35d0b2167d8fbd85b651d481c152abd16c45dd3a45b7b283b9787faad1e&amp;smart=true&amp;width=350&amp;height=197&amp;quality=85\" media=\"(min-width: 80px)\" \/><img loading=\"lazy\" decoding=\"async\" class=\"global-image\" src=\"https:\/\/www.infobae.com\/resizer\/v2\/NGO4DOHZFFABZKWTCKEYRAITEU.JPG?auth=3b2de35d0b2167d8fbd85b651d481c152abd16c45dd3a45b7b283b9787faad1e&amp;smart=true&amp;width=350&amp;height=197&amp;quality=85\" alt=\"Gustavo Gavotti\" width=\"1920\" height=\"1080\" data-src=\"https:\/\/www.infobae.com\/resizer\/v2\/NGO4DOHZFFABZKWTCKEYRAITEU.JPG?auth=3b2de35d0b2167d8fbd85b651d481c152abd16c45dd3a45b7b283b9787faad1e&amp;smart=true&amp;width=350&amp;height=197&amp;quality=85\" \/><\/picture><\/div>\n<\/div>\n<div class=\"visual__image\"><picture>\u00a0<\/picture><\/div>\n<p class=\"paragraph\" data-mrf-recirculation=\"Links inline\">Esas maniobras le permitieron a los libertarios consolidar 88 votos propios que le permitir\u00e1n al Gobierno sostener cualquier veto de Milei y bloquear los intentos de juicio pol\u00edtico.<\/p>\n<p class=\"paragraph\" data-mrf-recirculation=\"Links inline\">Sin embargo, puede haber m\u00e1s cambios. Los libertarios tambi\u00e9n buscar\u00e1n sumar a\u00a0<strong>Ver\u00f3nica Razzini<\/strong>\u00a0(Futuro y Libertad), que se alej\u00f3 del bloque por haber sido marginada en las listas de Santa Fe, al liberal\u00a0<strong>Alejandro Bongiovanni\u00a0<\/strong>y a<strong>\u00a0Lorena Petrovich<\/strong>, que ingresar\u00e1 en lugar de Silvia Lospennato, cuando asuma su banca en la Legislatura porte\u00f1a.<\/p>\n<p class=\"paragraph\" data-mrf-recirculation=\"Links inline\">Otros posibles aliados podr\u00edan ser los dos diputados del MID, Oscar Zago y Eduardo Falcone, que fueron parte del oficialismo al principio del gobierno de Milei pero rompieron el bloque cuando Zago fue corrido de la presidencia. Ante la consulta de Infobae, desde ese espacio deslizaron que mantienen negociaciones con Provincias Unidas, pero a\u00fan no hay anda definido.<\/p>\n<p>FUENTE:\u00a0Por\u00a0Federico Millenaar para Infobae<\/p>\n<div><\/div>\n","protected":false},"excerpt":{"rendered":"<p>Los miembros de la Liga del Interior, conocidos popularmente como \u201cradicales con peluca\u201d, se incorporar\u00e1n a la bancada oficialista, que quedar\u00e1 con 91 integrantes. El peronismo tiene 96 esca\u00f1os, pero enfrenta fuertes tensiones internas y no se descartan eventuales rupturas. &nbsp; La Libertad Avanza\u00a0sigue consolidando su poder en la\u00a0C\u00e1mara de Diputados. Este mi\u00e9rcoles fuentes oficiales [&hellip;]<\/p>\n","protected":false},"author":2,"featured_media":3999,"comment_status":"open","ping_status":"open","sticky":false,"template":"","format":"standard","meta":{"footnotes":""},"categories":[66],"tags":[],"class_list":{"0":"post-3998","1":"post","2":"type-post","3":"status-publish","4":"format-standard","5":"has-post-thumbnail","7":"category-politica-nacionales"},"_links":{"self":[{"href":"https:\/\/elpueblonoticia.com.ar\/web\/wp-json\/wp\/v2\/posts\/3998","targetHints":{"allow":["GET"]}}],"collection":[{"href":"https:\/\/elpueblonoticia.com.ar\/web\/wp-json\/wp\/v2\/posts"}],"about":[{"href":"https:\/\/elpueblonoticia.com.ar\/web\/wp-json\/wp\/v2\/types\/post"}],"author":[{"embeddable":true,"href":"https:\/\/elpueblonoticia.com.ar\/web\/wp-json\/wp\/v2\/users\/2"}],"replies":[{"embeddable":true,"href":"https:\/\/elpueblonoticia.com.ar\/web\/wp-json\/wp\/v2\/comments?post=3998"}],"version-history":[{"count":1,"href":"https:\/\/elpueblonoticia.com.ar\/web\/wp-json\/wp\/v2\/posts\/3998\/revisions"}],"predecessor-version":[{"id":4000,"href":"https:\/\/elpueblonoticia.com.ar\/web\/wp-json\/wp\/v2\/posts\/3998\/revisions\/4000"}],"wp:featuredmedia":[{"embeddable":true,"href":"https:\/\/elpueblonoticia.com.ar\/web\/wp-json\/wp\/v2\/media\/3999"}],"wp:attachment":[{"href":"https:\/\/elpueblonoticia.com.ar\/web\/wp-json\/wp\/v2\/media?parent=3998"}],"wp:term":[{"taxonomy":"category","embeddable":true,"href":"https:\/\/elpueblonoticia.com.ar\/web\/wp-json\/wp\/v2\/categories?post=3998"},{"taxonomy":"post_tag","embeddable":true,"href":"https:\/\/elpueblonoticia.com.ar\/web\/wp-json\/wp\/v2\/tags?post=3998"}],"curies":[{"name":"wp","href":"https:\/\/api.w.org\/{rel}","templated":true}]}}