{"id":3967,"date":"2025-11-20T09:10:10","date_gmt":"2025-11-20T12:10:10","guid":{"rendered":"https:\/\/elpueblonoticia.com.ar\/web\/?p=3967"},"modified":"2025-11-20T09:10:10","modified_gmt":"2025-11-20T12:10:10","slug":"escuela-municipal-antonio-r-villarreal","status":"publish","type":"post","link":"https:\/\/elpueblonoticia.com.ar\/web\/2025\/11\/20\/escuela-municipal-antonio-r-villarreal\/","title":{"rendered":"Escuela Municipal Antonio R. Villarreal"},"content":{"rendered":"<p class=\"x_MsoNormal\" data-olk-copy-source=\"MessageBody\">54 A\u00d1OS DE FORMACI\u00d3N PROFESIONAL Y EN OFICIOS<\/p>\n<p class=\"x_MsoNormal\">Fue creada el 19 de noviembre de 1971 durante la intendencia de don Antonio del Rosario Villarreal, escuela que lleva su nombre. Desde el 2015 pasaron a dictar cursos de Formaci\u00f3n Profesional con certificaci\u00f3n nacional, dependiente de la Secretar\u00eda de Educaci\u00f3n de la Municipalidad de Goya.<\/p>\n<p class=\"x_MsoNormal\">La instituci\u00f3n educativa \u201cEscuela Municipal de Econom\u00eda Dom\u00e9stica Don Antonio Villarreal\u201d (su denominaci\u00f3n original), brinda servicios educativos de gesti\u00f3n estatal en la modalidad de educaci\u00f3n de j\u00f3venes y adultos, en el nivel de formaci\u00f3n profesional para j\u00f3venes y adultos, incluyendo nivel t\u00e9cnico certificado por el Instituto Nacional de Educaci\u00f3n Tecnol\u00f3gica (INET).<\/p>\n<p class=\"x_MsoNormal\">Desde hace 54 a\u00f1os es un espacio de formaci\u00f3n, capacitaci\u00f3n y generaci\u00f3n de oportunidades para el trabajo, con una revalorizaci\u00f3n en la actualidad de sus perfiles acad\u00e9micos, acentuados en las pr\u00e1cticas profesionalizantes desarrolladas por los estudiantes de la Escuela Municipal Antonio R. Villarreal.<\/p>\n","protected":false},"excerpt":{"rendered":"<p>54 A\u00d1OS DE FORMACI\u00d3N PROFESIONAL Y EN OFICIOS Fue creada el 19 de noviembre de 1971 durante la intendencia de don Antonio del Rosario Villarreal, escuela que lleva su nombre. Desde el 2015 pasaron a dictar cursos de Formaci\u00f3n Profesional con certificaci\u00f3n nacional, dependiente de la Secretar\u00eda de Educaci\u00f3n de la Municipalidad de Goya. La [&hellip;]<\/p>\n","protected":false},"author":2,"featured_media":3968,"comment_status":"open","ping_status":"open","sticky":false,"template":"","format":"standard","meta":{"footnotes":""},"categories":[56],"tags":[],"class_list":{"0":"post-3967","1":"post","2":"type-post","3":"status-publish","4":"format-standard","5":"has-post-thumbnail","7":"category-locales"},"_links":{"self":[{"href":"https:\/\/elpueblonoticia.com.ar\/web\/wp-json\/wp\/v2\/posts\/3967","targetHints":{"allow":["GET"]}}],"collection":[{"href":"https:\/\/elpueblonoticia.com.ar\/web\/wp-json\/wp\/v2\/posts"}],"about":[{"href":"https:\/\/elpueblonoticia.com.ar\/web\/wp-json\/wp\/v2\/types\/post"}],"author":[{"embeddable":true,"href":"https:\/\/elpueblonoticia.com.ar\/web\/wp-json\/wp\/v2\/users\/2"}],"replies":[{"embeddable":true,"href":"https:\/\/elpueblonoticia.com.ar\/web\/wp-json\/wp\/v2\/comments?post=3967"}],"version-history":[{"count":1,"href":"https:\/\/elpueblonoticia.com.ar\/web\/wp-json\/wp\/v2\/posts\/3967\/revisions"}],"predecessor-version":[{"id":3969,"href":"https:\/\/elpueblonoticia.com.ar\/web\/wp-json\/wp\/v2\/posts\/3967\/revisions\/3969"}],"wp:featuredmedia":[{"embeddable":true,"href":"https:\/\/elpueblonoticia.com.ar\/web\/wp-json\/wp\/v2\/media\/3968"}],"wp:attachment":[{"href":"https:\/\/elpueblonoticia.com.ar\/web\/wp-json\/wp\/v2\/media?parent=3967"}],"wp:term":[{"taxonomy":"category","embeddable":true,"href":"https:\/\/elpueblonoticia.com.ar\/web\/wp-json\/wp\/v2\/categories?post=3967"},{"taxonomy":"post_tag","embeddable":true,"href":"https:\/\/elpueblonoticia.com.ar\/web\/wp-json\/wp\/v2\/tags?post=3967"}],"curies":[{"name":"wp","href":"https:\/\/api.w.org\/{rel}","templated":true}]}}