{"id":3935,"date":"2025-11-19T12:38:43","date_gmt":"2025-11-19T15:38:43","guid":{"rendered":"https:\/\/elpueblonoticia.com.ar\/web\/?p=3935"},"modified":"2025-11-19T12:38:43","modified_gmt":"2025-11-19T15:38:43","slug":"organizador-de-eventos-profugo-seguimos-buscando-a-ojeda-y-sumando-denuncias","status":"publish","type":"post","link":"https:\/\/elpueblonoticia.com.ar\/web\/2025\/11\/19\/organizador-de-eventos-profugo-seguimos-buscando-a-ojeda-y-sumando-denuncias\/","title":{"rendered":"Organizador de Eventos pr\u00f3fugo: \u201cSeguimos buscando a Ojeda y sumando denuncias\u201d"},"content":{"rendered":"<p>El fiscal de Investigaciones Concretas N\u00famero 5, \u00c1ngel Eugenio Machado, dijo en declaraciones a Radio Dos, que se contin\u00faa con la b\u00fasqueda de Osvaldo Mart\u00edn Ojeda, el organizador de eventos denunciado por m\u00faltiples estafas, sobre quien pesa un pedido de detenci\u00f3n y mencion\u00f3 que \u201cse siguen sumando denunciantes\u201d.<\/p>\n<p>Machado detall\u00f3 sobre el caso que \u201chace dos semanas se realizaron las primeras denuncias\u201d y que se contin\u00faan \u201crecibiendo m\u00e1s denuncias de personas damnificadas\u201d.<\/p>\n<p>Sobre la labor de la Fiscal\u00eda en el caso, se\u00f1al\u00f3 que a los denunciantes \u201cles pedimos documentaci\u00f3n e intercambio de mensaje que hayan tenido\u201d, en referencia a la comunicaci\u00f3n que hayan tenido con Ojeda en la transacci\u00f3n por el servicio del organizador de eventos.<\/p>\n<p>\u201cLo estamos buscando, no sabemos de su paradero\u201d, remarc\u00f3 el fiscal y se\u00f1al\u00f3 que se hizo el allanamiento en el domicilio, no se lo encontr\u00f3, se secuestr\u00f3 documentaci\u00f3n, pero todav\u00eda no tenemos noticias de d\u00f3nde puede estar\u201d.<\/p>\n<p>Consultado sobre el n\u00famero de damnificados, el Fiscal N\u00b05, dijo a Radio Dos que no tienen \u201cel n\u00famero exacto\u201d y agreg\u00f3 que \u201chay previstas m\u00e1s entrevistas. Explican v\u00ednculo con Ojeda y aportan toda la documentaci\u00f3n\u201d y se siguen presentando denunciantes.<\/p>\n<p>\u201cEstamos en la etapa inicial de la investigaci\u00f3n y estamos haciendo todo lo que est\u00e1 a nuestro alcance\u201d, concluy\u00f3 el doctor \u00c1ngel Eugenio Machado.<\/p>\n","protected":false},"excerpt":{"rendered":"<p>El fiscal de Investigaciones Concretas N\u00famero 5, \u00c1ngel Eugenio Machado, dijo en declaraciones a Radio Dos, que se contin\u00faa con la b\u00fasqueda de Osvaldo Mart\u00edn Ojeda, el organizador de eventos denunciado por m\u00faltiples estafas, sobre quien pesa un pedido de detenci\u00f3n y mencion\u00f3 que \u201cse siguen sumando denunciantes\u201d. Machado detall\u00f3 sobre el caso que \u201chace [&hellip;]<\/p>\n","protected":false},"author":2,"featured_media":3936,"comment_status":"open","ping_status":"open","sticky":false,"template":"","format":"standard","meta":{"footnotes":""},"categories":[68],"tags":[],"class_list":{"0":"post-3935","1":"post","2":"type-post","3":"status-publish","4":"format-standard","5":"has-post-thumbnail","7":"category-policiales-nacionales"},"_links":{"self":[{"href":"https:\/\/elpueblonoticia.com.ar\/web\/wp-json\/wp\/v2\/posts\/3935","targetHints":{"allow":["GET"]}}],"collection":[{"href":"https:\/\/elpueblonoticia.com.ar\/web\/wp-json\/wp\/v2\/posts"}],"about":[{"href":"https:\/\/elpueblonoticia.com.ar\/web\/wp-json\/wp\/v2\/types\/post"}],"author":[{"embeddable":true,"href":"https:\/\/elpueblonoticia.com.ar\/web\/wp-json\/wp\/v2\/users\/2"}],"replies":[{"embeddable":true,"href":"https:\/\/elpueblonoticia.com.ar\/web\/wp-json\/wp\/v2\/comments?post=3935"}],"version-history":[{"count":1,"href":"https:\/\/elpueblonoticia.com.ar\/web\/wp-json\/wp\/v2\/posts\/3935\/revisions"}],"predecessor-version":[{"id":3937,"href":"https:\/\/elpueblonoticia.com.ar\/web\/wp-json\/wp\/v2\/posts\/3935\/revisions\/3937"}],"wp:featuredmedia":[{"embeddable":true,"href":"https:\/\/elpueblonoticia.com.ar\/web\/wp-json\/wp\/v2\/media\/3936"}],"wp:attachment":[{"href":"https:\/\/elpueblonoticia.com.ar\/web\/wp-json\/wp\/v2\/media?parent=3935"}],"wp:term":[{"taxonomy":"category","embeddable":true,"href":"https:\/\/elpueblonoticia.com.ar\/web\/wp-json\/wp\/v2\/categories?post=3935"},{"taxonomy":"post_tag","embeddable":true,"href":"https:\/\/elpueblonoticia.com.ar\/web\/wp-json\/wp\/v2\/tags?post=3935"}],"curies":[{"name":"wp","href":"https:\/\/api.w.org\/{rel}","templated":true}]}}