{"id":3923,"date":"2025-11-19T12:13:45","date_gmt":"2025-11-19T15:13:45","guid":{"rendered":"https:\/\/elpueblonoticia.com.ar\/web\/?p=3923"},"modified":"2025-11-19T12:13:45","modified_gmt":"2025-11-19T15:13:45","slug":"todo-listo-traspaso-de-gobierno-en-corrientes-sera-por-la-tarde-del-10-de-diciembre","status":"publish","type":"post","link":"https:\/\/elpueblonoticia.com.ar\/web\/2025\/11\/19\/todo-listo-traspaso-de-gobierno-en-corrientes-sera-por-la-tarde-del-10-de-diciembre\/","title":{"rendered":"Todo listo: Traspaso de Gobierno en Corrientes ser\u00e1 por la tarde del 10 de diciembre"},"content":{"rendered":"<p>El flamante gobernador Juan Pablo Vald\u00e9s asumir\u00e1 el Poder Ejecutivo a las 18.30 del 10 de diciembre venidero, luego tomar\u00e1 juramento a sus ministros.<\/p>\n<p>&nbsp;<\/p>\n<p>El acto oficial de recambio institucional en Corrientes se realizar\u00e1 a las 18.30 del pr\u00f3ximo mi\u00e9rcoles 10 de diciembre.<\/p>\n<p>La ceremonia se realizar\u00e1 en el recinto legislativo y posteriormente habr\u00e1 otro acto, ya con el nuevo gobernador en funciones, en Casa de Gobierno donde nombrar\u00e1 y tomar\u00e1 juramento a sus ministros.<\/p>\n","protected":false},"excerpt":{"rendered":"<p>El flamante gobernador Juan Pablo Vald\u00e9s asumir\u00e1 el Poder Ejecutivo a las 18.30 del 10 de diciembre venidero, luego tomar\u00e1 juramento a sus ministros. &nbsp; El acto oficial de recambio institucional en Corrientes se realizar\u00e1 a las 18.30 del pr\u00f3ximo mi\u00e9rcoles 10 de diciembre. La ceremonia se realizar\u00e1 en el recinto legislativo y posteriormente habr\u00e1 [&hellip;]<\/p>\n","protected":false},"author":2,"featured_media":3924,"comment_status":"open","ping_status":"open","sticky":false,"template":"","format":"standard","meta":{"footnotes":""},"categories":[66],"tags":[],"class_list":{"0":"post-3923","1":"post","2":"type-post","3":"status-publish","4":"format-standard","5":"has-post-thumbnail","7":"category-politica-nacionales"},"_links":{"self":[{"href":"https:\/\/elpueblonoticia.com.ar\/web\/wp-json\/wp\/v2\/posts\/3923","targetHints":{"allow":["GET"]}}],"collection":[{"href":"https:\/\/elpueblonoticia.com.ar\/web\/wp-json\/wp\/v2\/posts"}],"about":[{"href":"https:\/\/elpueblonoticia.com.ar\/web\/wp-json\/wp\/v2\/types\/post"}],"author":[{"embeddable":true,"href":"https:\/\/elpueblonoticia.com.ar\/web\/wp-json\/wp\/v2\/users\/2"}],"replies":[{"embeddable":true,"href":"https:\/\/elpueblonoticia.com.ar\/web\/wp-json\/wp\/v2\/comments?post=3923"}],"version-history":[{"count":1,"href":"https:\/\/elpueblonoticia.com.ar\/web\/wp-json\/wp\/v2\/posts\/3923\/revisions"}],"predecessor-version":[{"id":3925,"href":"https:\/\/elpueblonoticia.com.ar\/web\/wp-json\/wp\/v2\/posts\/3923\/revisions\/3925"}],"wp:featuredmedia":[{"embeddable":true,"href":"https:\/\/elpueblonoticia.com.ar\/web\/wp-json\/wp\/v2\/media\/3924"}],"wp:attachment":[{"href":"https:\/\/elpueblonoticia.com.ar\/web\/wp-json\/wp\/v2\/media?parent=3923"}],"wp:term":[{"taxonomy":"category","embeddable":true,"href":"https:\/\/elpueblonoticia.com.ar\/web\/wp-json\/wp\/v2\/categories?post=3923"},{"taxonomy":"post_tag","embeddable":true,"href":"https:\/\/elpueblonoticia.com.ar\/web\/wp-json\/wp\/v2\/tags?post=3923"}],"curies":[{"name":"wp","href":"https:\/\/api.w.org\/{rel}","templated":true}]}}