{"id":3915,"date":"2025-11-19T11:58:31","date_gmt":"2025-11-19T14:58:31","guid":{"rendered":"https:\/\/elpueblonoticia.com.ar\/web\/?p=3915"},"modified":"2025-11-19T11:58:31","modified_gmt":"2025-11-19T14:58:31","slug":"alerta-rebrote-de-covid-19-en-formosa-341-contagios-en-una-semana","status":"publish","type":"post","link":"https:\/\/elpueblonoticia.com.ar\/web\/2025\/11\/19\/alerta-rebrote-de-covid-19-en-formosa-341-contagios-en-una-semana\/","title":{"rendered":"ALERTA! Rebrote de COVID-19 en Formosa: 341 contagios en una semana"},"content":{"rendered":"<p>Esa provincia report\u00f3 un nuevo aumento de casos de COVID-19 y volvi\u00f3 a pedir que la comunidad sostenga los cuidados b\u00e1sicos para frenar la circulaci\u00f3n del virus.<\/p>\n<p>&nbsp;<\/p>\n<p>El \u00faltimo parte epidemiol\u00f3gico confirm\u00f3 341 contagios en una semana, con una positividad del 24% y 408 casos activos, aunque sin pacientes internados.<\/p>\n<p>&nbsp;<\/p>\n<p>Las autoridades insisten en ventilar ambientes, mantener higiene de manos, usar barbijo en espacios cerrados y consultar de inmediato ante cualquier s\u00edntoma.<\/p>\n<p>&nbsp;<\/p>\n<p>El sistema de salud tambi\u00e9n vigila otras enfermedades respiratorias para evitar confusiones y asegurar diagn\u00f3sticos tempranos.<\/p>\n","protected":false},"excerpt":{"rendered":"<p>Esa provincia report\u00f3 un nuevo aumento de casos de COVID-19 y volvi\u00f3 a pedir que la comunidad sostenga los cuidados b\u00e1sicos para frenar la circulaci\u00f3n del virus. &nbsp; El \u00faltimo parte epidemiol\u00f3gico confirm\u00f3 341 contagios en una semana, con una positividad del 24% y 408 casos activos, aunque sin pacientes internados. &nbsp; Las autoridades insisten [&hellip;]<\/p>\n","protected":false},"author":2,"featured_media":3916,"comment_status":"open","ping_status":"open","sticky":false,"template":"","format":"standard","meta":{"footnotes":""},"categories":[69],"tags":[],"class_list":{"0":"post-3915","1":"post","2":"type-post","3":"status-publish","4":"format-standard","5":"has-post-thumbnail","7":"category-salud"},"_links":{"self":[{"href":"https:\/\/elpueblonoticia.com.ar\/web\/wp-json\/wp\/v2\/posts\/3915","targetHints":{"allow":["GET"]}}],"collection":[{"href":"https:\/\/elpueblonoticia.com.ar\/web\/wp-json\/wp\/v2\/posts"}],"about":[{"href":"https:\/\/elpueblonoticia.com.ar\/web\/wp-json\/wp\/v2\/types\/post"}],"author":[{"embeddable":true,"href":"https:\/\/elpueblonoticia.com.ar\/web\/wp-json\/wp\/v2\/users\/2"}],"replies":[{"embeddable":true,"href":"https:\/\/elpueblonoticia.com.ar\/web\/wp-json\/wp\/v2\/comments?post=3915"}],"version-history":[{"count":1,"href":"https:\/\/elpueblonoticia.com.ar\/web\/wp-json\/wp\/v2\/posts\/3915\/revisions"}],"predecessor-version":[{"id":3917,"href":"https:\/\/elpueblonoticia.com.ar\/web\/wp-json\/wp\/v2\/posts\/3915\/revisions\/3917"}],"wp:featuredmedia":[{"embeddable":true,"href":"https:\/\/elpueblonoticia.com.ar\/web\/wp-json\/wp\/v2\/media\/3916"}],"wp:attachment":[{"href":"https:\/\/elpueblonoticia.com.ar\/web\/wp-json\/wp\/v2\/media?parent=3915"}],"wp:term":[{"taxonomy":"category","embeddable":true,"href":"https:\/\/elpueblonoticia.com.ar\/web\/wp-json\/wp\/v2\/categories?post=3915"},{"taxonomy":"post_tag","embeddable":true,"href":"https:\/\/elpueblonoticia.com.ar\/web\/wp-json\/wp\/v2\/tags?post=3915"}],"curies":[{"name":"wp","href":"https:\/\/api.w.org\/{rel}","templated":true}]}}