{"id":3898,"date":"2025-11-19T11:02:05","date_gmt":"2025-11-19T14:02:05","guid":{"rendered":"https:\/\/elpueblonoticia.com.ar\/web\/?p=3898"},"modified":"2025-11-19T11:02:05","modified_gmt":"2025-11-19T14:02:05","slug":"investigan-la-sospechosa-muerte-de-un-sargento-correntino","status":"publish","type":"post","link":"https:\/\/elpueblonoticia.com.ar\/web\/2025\/11\/19\/investigan-la-sospechosa-muerte-de-un-sargento-correntino\/","title":{"rendered":"Investigan la sospechosa muerte de un sargento correntino"},"content":{"rendered":"<p>Un militar correntino muri\u00f3 ayer en un regimiento de Misiones y el hecho es investigado debido a las circunstancias en las que se produjo el disparo que lo hiri\u00f3 gravemente. Se trata del sargento Gonzalo \u201cEl Tigre\u201d Tuama, de 39 a\u00f1os y oriundo de Goya, quien se encontraba prestando servicio en la Escuela Militar de Monte \u201cAndr\u00e9s Guacurar\u00ed y Artigas\u201d.<\/p>\n<p>De acuerdo con la informaci\u00f3n oficial, el hecho ocurri\u00f3 cerca de las 7 en el interior de la instituci\u00f3n, cuando Tuama sufri\u00f3 una lesi\u00f3n por un disparo efectuado con su propio fusil FAL. Inmediatamente fue trasladado de urgencia al Hospital Samic de Iguaz\u00fa, donde ingres\u00f3 en estado cr\u00edtico y fue internado en la Unidad de Terapia Intensiva con asistencia mec\u00e1nica respiratoria. A pesar de las maniobras m\u00e9dicas realizadas, falleci\u00f3 una hora m\u00e1s tarde debido a la gravedad de la herida.<\/p>\n<p>Por el momento no se determin\u00f3 qu\u00e9 fuerza federal llevar\u00e1 adelante la investigaci\u00f3n. Las autoridades se mantienen a la espera de la resoluci\u00f3n del Ministerio P\u00fablico Fiscal, que definir\u00e1 qu\u00e9 organismo intervendr\u00e1 para esclarecer las circunstancias del hecho. La pesquisa se centra en dos hip\u00f3tesis principales: que se haya tratado de un accidente o que el militar se haya quitado la vida.<\/p>\n<p>Tuama era una figura conocida en su ciudad natal. En 2012 hab\u00eda participado en el programa televisivo \u201cS\u00e1bado Show\u201d, conducido por Jos\u00e9 Mar\u00eda Listorti, donde gan\u00f3 el concurso \u201cEl hombre m\u00e1s fuerte de la Argentina\u201d tras superar varias pruebas de fuerza. Seg\u00fan trascendi\u00f3, ten\u00eda pensado casarse en los pr\u00f3ximos d\u00edas.<br \/>\nEl cuerpo del sargento fallecido era trasladado hacia Goya para su sepelio. Las autoridades continuar\u00e1n con las actuaciones necesarias para determinar lo sucedido dentro del regimiento.<\/p>\n","protected":false},"excerpt":{"rendered":"<p>Un militar correntino muri\u00f3 ayer en un regimiento de Misiones y el hecho es investigado debido a las circunstancias en las que se produjo el disparo que lo hiri\u00f3 gravemente. Se trata del sargento Gonzalo \u201cEl Tigre\u201d Tuama, de 39 a\u00f1os y oriundo de Goya, quien se encontraba prestando servicio en la Escuela Militar de [&hellip;]<\/p>\n","protected":false},"author":2,"featured_media":3899,"comment_status":"open","ping_status":"open","sticky":false,"template":"","format":"standard","meta":{"footnotes":""},"categories":[72],"tags":[],"class_list":{"0":"post-3898","1":"post","2":"type-post","3":"status-publish","4":"format-standard","5":"has-post-thumbnail","7":"category-provinciales"},"_links":{"self":[{"href":"https:\/\/elpueblonoticia.com.ar\/web\/wp-json\/wp\/v2\/posts\/3898","targetHints":{"allow":["GET"]}}],"collection":[{"href":"https:\/\/elpueblonoticia.com.ar\/web\/wp-json\/wp\/v2\/posts"}],"about":[{"href":"https:\/\/elpueblonoticia.com.ar\/web\/wp-json\/wp\/v2\/types\/post"}],"author":[{"embeddable":true,"href":"https:\/\/elpueblonoticia.com.ar\/web\/wp-json\/wp\/v2\/users\/2"}],"replies":[{"embeddable":true,"href":"https:\/\/elpueblonoticia.com.ar\/web\/wp-json\/wp\/v2\/comments?post=3898"}],"version-history":[{"count":1,"href":"https:\/\/elpueblonoticia.com.ar\/web\/wp-json\/wp\/v2\/posts\/3898\/revisions"}],"predecessor-version":[{"id":3900,"href":"https:\/\/elpueblonoticia.com.ar\/web\/wp-json\/wp\/v2\/posts\/3898\/revisions\/3900"}],"wp:featuredmedia":[{"embeddable":true,"href":"https:\/\/elpueblonoticia.com.ar\/web\/wp-json\/wp\/v2\/media\/3899"}],"wp:attachment":[{"href":"https:\/\/elpueblonoticia.com.ar\/web\/wp-json\/wp\/v2\/media?parent=3898"}],"wp:term":[{"taxonomy":"category","embeddable":true,"href":"https:\/\/elpueblonoticia.com.ar\/web\/wp-json\/wp\/v2\/categories?post=3898"},{"taxonomy":"post_tag","embeddable":true,"href":"https:\/\/elpueblonoticia.com.ar\/web\/wp-json\/wp\/v2\/tags?post=3898"}],"curies":[{"name":"wp","href":"https:\/\/api.w.org\/{rel}","templated":true}]}}