{"id":3890,"date":"2025-11-19T10:38:53","date_gmt":"2025-11-19T13:38:53","guid":{"rendered":"https:\/\/elpueblonoticia.com.ar\/web\/?p=3890"},"modified":"2025-11-19T10:38:53","modified_gmt":"2025-11-19T13:38:53","slug":"praxedes-lopez-se-despide-de-educacion","status":"publish","type":"post","link":"https:\/\/elpueblonoticia.com.ar\/web\/2025\/11\/19\/praxedes-lopez-se-despide-de-educacion\/","title":{"rendered":"Pr\u00e1xedes L\u00f3pez se despide de Educaci\u00f3n"},"content":{"rendered":"<p>De manera sorpresiva, va tomando lentamente forma lo que ser\u00eda el pr\u00f3ximo gabinete provincial. Tal es el caso de la ministra de Educaci\u00f3n, Pr\u00e1xedes L\u00f3pez, quien ayer anticip\u00f3 su decisi\u00f3n de dejar la cartera educativa provincial m\u00e1s all\u00e1 de cualquier ofrecimiento. \u00abEs una decisi\u00f3n personal y es hora de recuperar mi familia. Me estoy despidiendo del Ministerio de Educaci\u00f3n\u00bb, expres\u00f3 la Ministra en declaraciones radiales.<\/p>\n<p>La actual funcionaria fue contundente en su decisi\u00f3n de dejar la cartera educativa en la futura gesti\u00f3n provincial m\u00e1s all\u00e1 de cualquier ofrecimiento. \u00abHay que saber irse, saber desprenderse\u2026 en Educaci\u00f3n hay un gran equipo y es bueno que yo recupere la familia\u00bb, manifest\u00f3.<\/p>\n<p>Asimismo, dijo: \u00abEsta tarea es muy demandante, pero debo aclarar que lo hago con gusto\u2026 nadie me oblig\u00f3. Pero me estoy despidiendo\u00bb. Y aclar\u00f3: \u00abVoy a estar siempre dispuesta a colaborar, pero tengo ganas de irme a mi casa, viajar, descansar, estar con los m\u00edos\u00bb.<\/p>\n<p>En cuanto a su candidatura a diputada nacional, manifest\u00f3: \u00abMe qued\u00e9 con ganas, pero sab\u00eda que las elecciones nacionales son complicadas. No fue frustrante lo que pas\u00f3\u00bb, asever\u00f3, en referencia a los resultados de las elecciones pasadas donde no pudo llegar a un esca\u00f1o del Congreso Nacional.<\/p>\n<p>La Ministra tambi\u00e9n cont\u00f3 que recientemente recibi\u00f3 la visita del gobernador electo, Juan Pablo Vald\u00e9s, en sede de Educaci\u00f3n: \u00abVino solo, nos escuch\u00f3 y estuvo 4 horas. Me mostr\u00f3 una sensaci\u00f3n de mucha cercan\u00eda. Quer\u00eda ver donde iban las partidas e hizo hincapi\u00e9 en lo presupuestario, donde se tiene que reforzar\u00bb, finaliz\u00f3 la funcionaria provincial.<\/p>\n<p>diario El Libertador<\/p>\n","protected":false},"excerpt":{"rendered":"<p>De manera sorpresiva, va tomando lentamente forma lo que ser\u00eda el pr\u00f3ximo gabinete provincial. Tal es el caso de la ministra de Educaci\u00f3n, Pr\u00e1xedes L\u00f3pez, quien ayer anticip\u00f3 su decisi\u00f3n de dejar la cartera educativa provincial m\u00e1s all\u00e1 de cualquier ofrecimiento. \u00abEs una decisi\u00f3n personal y es hora de recuperar mi familia. Me estoy despidiendo [&hellip;]<\/p>\n","protected":false},"author":2,"featured_media":3891,"comment_status":"open","ping_status":"open","sticky":false,"template":"","format":"standard","meta":{"footnotes":""},"categories":[72],"tags":[],"class_list":{"0":"post-3890","1":"post","2":"type-post","3":"status-publish","4":"format-standard","5":"has-post-thumbnail","7":"category-provinciales"},"_links":{"self":[{"href":"https:\/\/elpueblonoticia.com.ar\/web\/wp-json\/wp\/v2\/posts\/3890","targetHints":{"allow":["GET"]}}],"collection":[{"href":"https:\/\/elpueblonoticia.com.ar\/web\/wp-json\/wp\/v2\/posts"}],"about":[{"href":"https:\/\/elpueblonoticia.com.ar\/web\/wp-json\/wp\/v2\/types\/post"}],"author":[{"embeddable":true,"href":"https:\/\/elpueblonoticia.com.ar\/web\/wp-json\/wp\/v2\/users\/2"}],"replies":[{"embeddable":true,"href":"https:\/\/elpueblonoticia.com.ar\/web\/wp-json\/wp\/v2\/comments?post=3890"}],"version-history":[{"count":1,"href":"https:\/\/elpueblonoticia.com.ar\/web\/wp-json\/wp\/v2\/posts\/3890\/revisions"}],"predecessor-version":[{"id":3892,"href":"https:\/\/elpueblonoticia.com.ar\/web\/wp-json\/wp\/v2\/posts\/3890\/revisions\/3892"}],"wp:featuredmedia":[{"embeddable":true,"href":"https:\/\/elpueblonoticia.com.ar\/web\/wp-json\/wp\/v2\/media\/3891"}],"wp:attachment":[{"href":"https:\/\/elpueblonoticia.com.ar\/web\/wp-json\/wp\/v2\/media?parent=3890"}],"wp:term":[{"taxonomy":"category","embeddable":true,"href":"https:\/\/elpueblonoticia.com.ar\/web\/wp-json\/wp\/v2\/categories?post=3890"},{"taxonomy":"post_tag","embeddable":true,"href":"https:\/\/elpueblonoticia.com.ar\/web\/wp-json\/wp\/v2\/tags?post=3890"}],"curies":[{"name":"wp","href":"https:\/\/api.w.org\/{rel}","templated":true}]}}