{"id":3882,"date":"2025-11-19T10:25:19","date_gmt":"2025-11-19T13:25:19","guid":{"rendered":"https:\/\/elpueblonoticia.com.ar\/web\/?p=3882"},"modified":"2025-11-19T10:25:19","modified_gmt":"2025-11-19T13:25:19","slug":"la-corte-debera-resolver-si-gildo-insfran-puede-ser-candidato-a-gobernador-de-formosa-por-novena-vez","status":"publish","type":"post","link":"https:\/\/elpueblonoticia.com.ar\/web\/2025\/11\/19\/la-corte-debera-resolver-si-gildo-insfran-puede-ser-candidato-a-gobernador-de-formosa-por-novena-vez\/","title":{"rendered":"La Corte deber\u00e1 resolver si Gildo Insfr\u00e1n puede ser candidato a gobernador de Formosa por novena vez"},"content":{"rendered":"<p>Lo dictamin\u00f3 el Procurador Casal; el gobernador peronista reform\u00f3 la Constituci\u00f3n local para poder ser reelecto otra vez en 2027; est\u00e1 en el poder desde 1995.<\/p>\n<p>La Corte Suprema de Justicia deber\u00e1 resolver si autoriza al gobernador de Formosa, Gildo Insfr\u00e1n, a presentarse como candidato a gobernador en 2027. As\u00ed lo dictamin\u00f3 el Procurador general de la Naci\u00f3n, Eduardo Casal. Insfr\u00e1n gobierna la provincia desde 1995.<\/p>\n<p>La Corte Suprema de Justicia ya hab\u00eda resuelto que no puede haber reelecci\u00f3n indefinida en Formosa, pero el gobernador reform\u00f3 la Constituci\u00f3n, con una cl\u00e1usula transitoria que le permite presentarse por una \u00fanica vez a una pr\u00f3xima reelecci\u00f3n, en 2027.<\/p>\n<p>Contra esa cl\u00e1usula, la Confederaci\u00f3n Frente Amplio Formose\u00f1o plante\u00f3 un recurso de inconstitucionalidad. La Corte le dio vista al procurador Casal antes de decidir sobre el fondo del asunto, para que opine si es un caso de competencia originaria del m\u00e1ximo tribunal o si el caso debe tramitar desde la primera instancia de la justicia local.<\/p>\n<p>Casal dijo que el asunto debe ser resuelto por la Corte directamente, teniendo en cuenta el antecedente del fallo anterior en el que la Corte entendi\u00f3 que decidir sobre la reelecci\u00f3n indefinida era un asunto de su competencia originaria.<\/p>\n<p>La acci\u00f3n, promovida por la Confederaci\u00f3n Frente Amplio Formose\u00f1o, por medio de sus apoderados Agostina Villaggi y Rodolfo Manuel Basques, busca que se declare inconstitucional la cl\u00e1usula transitoria cuarta de la Constituci\u00f3n provincial. Esta cl\u00e1usula tambi\u00e9n habilitar\u00eda al vicegobernador, Eber Sol\u00eds, para un tercer mandato.<\/p>\n<p>El dictamen de Casal determina que el caso guarda una estrecha vinculaci\u00f3n con el antecedente de la Corte que prohibi\u00f3 la reelecci\u00f3n indefinida.<\/p>\n<p>La presentaci\u00f3n actual se enmarca en un largo historial de modificaciones e interpretaciones constitucionales en Formosa sobre la limitaci\u00f3n de mandatos. Originalmente, la Constituci\u00f3n provincial de 1957 establec\u00eda una prohibici\u00f3n absoluta de la reelecci\u00f3n.<\/p>\n<p>Pero en la reforma de 1991 se introdujo la posibilidad de dos mandatos para gobernador y vicegobernador. En ese momento, Vicente Bienvenido Joga y Gildo Insfr\u00e1n (como vicegobernador) accedieron a un nuevo mandato (1991-1995).<\/p>\n<p>Luego de que Gildo Insfr\u00e1n asumiera como gobernador en 1995, el Superior Tribunal de Justicia formose\u00f1o interpret\u00f3 que solo deb\u00eda cortarse un \u00fanico mandato en el cargo de gobernador (1995-1999), lo que, seg\u00fan el Frente Amplio Formose\u00f1o, fue una interpretaci\u00f3n arbitraria.<\/p>\n<p>Vencido el cuarto mandato de cuatro a\u00f1os de Insfr\u00e1n (dos como vicegobernador y dos como gobernador), se convoc\u00f3 a una Convenci\u00f3n Constituyente que consagr\u00f3 la reelecci\u00f3n indefinida en el art\u00edculo 132 de la Constituci\u00f3n local. Esto permiti\u00f3 a Insfr\u00e1n mantenerse en el poder desde 1987 hasta la actualidad.<\/p>\n<p>Fue ese art\u00edculo 132 de la Constituci\u00f3n de Formosa que al Corte encontr\u00f3 violatorio de la Constituci\u00f3n Nacional.<\/p>\n<p>El 19 de diciembre de 2024, el M\u00e1ximo Tribunal declar\u00f3 la inconstitucionalidad del art\u00edculo 132 de la Constituci\u00f3n local, el cual habilitaba la octava candidatura de Insfr\u00e1n para el per\u00edodo 2023-2027.<\/p>\n<p>La \u00faltima reforma constitucional formose\u00f1a introdujo un nuevo texto. No obstante, el conflicto surgi\u00f3 con la inclusi\u00f3n de la cl\u00e1usula transitoria cuarta, que busca neutralizar la limitaci\u00f3n de mandatos establecida.<\/p>\n<p>\u201cEl mandato del gobernador y vicegobernador en ejercicio al momento de sancionarse esta reforma, deber\u00e1 ser considerado como primer mandato\u201d, dice el tetxo, como para resetear la cuenta.<\/p>\n<p>Seg\u00fan la oposici\u00f3n, esta maniobra habilita a Insfr\u00e1n para un noveno per\u00edodo, desconociendo el fallo anterior de la Corte y los principios del sistema republicano que requieren la alternancia en los cargos por per\u00edodos razonables.<\/p>\n<p>La permanencia en el poder de un solo grupo pol\u00edtico, afirman, limita el derecho de los ciudadanos a postularse con posibilidades ciertas de acceder al poder, violando el principio de igualdad.<\/p>\n<p>Casal consider\u00f3 que el caso es &#8220;sustancialmente an\u00e1logo&#8221; a la causa anterior, en la que se declar\u00f3 la inconstitucionalidad de la reelecci\u00f3n indefinida.<\/p>\n","protected":false},"excerpt":{"rendered":"<p>Lo dictamin\u00f3 el Procurador Casal; el gobernador peronista reform\u00f3 la Constituci\u00f3n local para poder ser reelecto otra vez en 2027; est\u00e1 en el poder desde 1995. La Corte Suprema de Justicia deber\u00e1 resolver si autoriza al gobernador de Formosa, Gildo Insfr\u00e1n, a presentarse como candidato a gobernador en 2027. As\u00ed lo dictamin\u00f3 el Procurador general [&hellip;]<\/p>\n","protected":false},"author":2,"featured_media":3883,"comment_status":"open","ping_status":"open","sticky":false,"template":"","format":"standard","meta":{"footnotes":""},"categories":[66],"tags":[],"class_list":{"0":"post-3882","1":"post","2":"type-post","3":"status-publish","4":"format-standard","5":"has-post-thumbnail","7":"category-politica-nacionales"},"_links":{"self":[{"href":"https:\/\/elpueblonoticia.com.ar\/web\/wp-json\/wp\/v2\/posts\/3882","targetHints":{"allow":["GET"]}}],"collection":[{"href":"https:\/\/elpueblonoticia.com.ar\/web\/wp-json\/wp\/v2\/posts"}],"about":[{"href":"https:\/\/elpueblonoticia.com.ar\/web\/wp-json\/wp\/v2\/types\/post"}],"author":[{"embeddable":true,"href":"https:\/\/elpueblonoticia.com.ar\/web\/wp-json\/wp\/v2\/users\/2"}],"replies":[{"embeddable":true,"href":"https:\/\/elpueblonoticia.com.ar\/web\/wp-json\/wp\/v2\/comments?post=3882"}],"version-history":[{"count":1,"href":"https:\/\/elpueblonoticia.com.ar\/web\/wp-json\/wp\/v2\/posts\/3882\/revisions"}],"predecessor-version":[{"id":3884,"href":"https:\/\/elpueblonoticia.com.ar\/web\/wp-json\/wp\/v2\/posts\/3882\/revisions\/3884"}],"wp:featuredmedia":[{"embeddable":true,"href":"https:\/\/elpueblonoticia.com.ar\/web\/wp-json\/wp\/v2\/media\/3883"}],"wp:attachment":[{"href":"https:\/\/elpueblonoticia.com.ar\/web\/wp-json\/wp\/v2\/media?parent=3882"}],"wp:term":[{"taxonomy":"category","embeddable":true,"href":"https:\/\/elpueblonoticia.com.ar\/web\/wp-json\/wp\/v2\/categories?post=3882"},{"taxonomy":"post_tag","embeddable":true,"href":"https:\/\/elpueblonoticia.com.ar\/web\/wp-json\/wp\/v2\/tags?post=3882"}],"curies":[{"name":"wp","href":"https:\/\/api.w.org\/{rel}","templated":true}]}}