{"id":3869,"date":"2025-11-19T09:49:25","date_gmt":"2025-11-19T12:49:25","guid":{"rendered":"https:\/\/elpueblonoticia.com.ar\/web\/?p=3869"},"modified":"2025-11-19T09:49:25","modified_gmt":"2025-11-19T12:49:25","slug":"fundacion-agora-presenta-tres-nuevas-licenciaturas-universitarias","status":"publish","type":"post","link":"https:\/\/elpueblonoticia.com.ar\/web\/2025\/11\/19\/fundacion-agora-presenta-tres-nuevas-licenciaturas-universitarias\/","title":{"rendered":"FUNDACI\u00d3N \u00c1GORA PRESENTA TRES NUEVAS LICENCIATURAS UNIVERSITARIAS"},"content":{"rendered":"<p class=\"x_MsoNormal\" data-olk-copy-source=\"MessageBody\">Oportunidad de estudio:<\/p>\n<p class=\"x_MsoNormal\" data-olk-copy-source=\"MessageBody\">La Fundaci\u00f3n \u00c1gora informa que ya se encuentran abiertas las inscripciones para cursar, a partir del ciclo lectivo 2026, tres nuevas licenciaturas universitarias en convenio con la\u00a0Universidad Nacional del Chaco Austral (UNCAus): Licenciatura en Educaci\u00f3n Inicial, Licenciatura en Gesti\u00f3n Educativa, Licenciatura en Educaci\u00f3n.<\/p>\n<p class=\"x_MsoNormal\" aria-hidden=\"true\">\n<p class=\"x_MsoNormal\">Esta propuesta acad\u00e9mica tiene como objetivo ampliar las oportunidades de formaci\u00f3n\u00a0superior para docentes y profesionales de la regi\u00f3n, acercando la universidad p\u00fablica a la\u00a0comunidad y favoreciendo el desarrollo profesional sin necesidad de trasladarse.<\/p>\n<p class=\"x_MsoNormal\" aria-hidden=\"true\">\n<p class=\"x_MsoNormal\">Las carreras disponibles cuentan con reconocimiento oficial y validez nacional, y se dictar\u00e1n\u00a0en la sede de la Fundaci\u00f3n \u00c1gora, en la ciudad de Goya.<\/p>\n<p class=\"x_MsoNormal\" aria-hidden=\"true\">\n<p class=\"x_MsoNormal\">Licenciatura en Educaci\u00f3n Inicial<\/p>\n<p class=\"x_MsoNormal\">Destinatarios: Docentes con t\u00edtulo en Educaci\u00f3n Inicial o Primaria.<\/p>\n<p class=\"x_MsoNormal\">Requisitos:<\/p>\n<p class=\"x_MsoNormal\">\u2022 T\u00edtulo terciario o universitario (m\u00ednimo 3 a\u00f1os y 1.500 horas), reconocido oficialmente por el\u00a0Ministerio de Educaci\u00f3n.<\/p>\n<p class=\"x_MsoNormal\" aria-hidden=\"true\">\n<p class=\"x_MsoNormal\">Licenciatura en Gesti\u00f3n Educativa<\/p>\n<p class=\"x_MsoNormal\">Destinatarios: Docentes con t\u00edtulo de profesor\/a en Educaci\u00f3n Inicial, profesor\/a para la\u00a0Educaci\u00f3n Primaria o maestro\/a de Educaci\u00f3n Inicial.<\/p>\n<p class=\"x_MsoNormal\">Requisitos:<\/p>\n<p class=\"x_MsoNormal\">\u2022 T\u00edtulo otorgado por Institutos de Formaci\u00f3n Docente Universitarios o Superiores no Universitarios.<\/p>\n<p class=\"x_MsoNormal\">\u2022 Carrera con 3 a\u00f1os o m\u00e1s de duraci\u00f3n.<\/p>\n<p class=\"x_MsoNormal\">\u2022 Plan de estudios de al menos 1.500 horas reloj.<\/p>\n<p class=\"x_MsoNormal\">\u2022 Reconocimiento oficial del Ministerio de Educaci\u00f3n de la Naci\u00f3n o de ministerios\u00a0jurisdiccionales.<\/p>\n<p class=\"x_MsoNormal\" aria-hidden=\"true\">\n<p class=\"x_MsoNormal\">Licenciatura en Educaci\u00f3n<\/p>\n<p class=\"x_MsoNormal\">Destinatarios: Egresados\/as de carreras en formaci\u00f3n docente o en \u00e1reas como Pedagog\u00eda,\u00a0Filosof\u00eda, Ciencias de la Educaci\u00f3n o Psicopedagog\u00eda.<\/p>\n<p class=\"x_MsoNormal\">Requisitos:<\/p>\n<p class=\"x_MsoNormal\">\u2022 T\u00edtulos otorgados por Institutos de Formaci\u00f3n Docente Universitarios o Superiores no\u00a0Universitarios, con una duraci\u00f3n m\u00ednima de 3 a\u00f1os y planes de estudio de al menos 1.600\u00a0horas reloj.<\/p>\n<p class=\"x_MsoNormal\">\u2022 Reconocimiento y aprobaci\u00f3n oficial del Ministerio de Educaci\u00f3n de la Naci\u00f3n y\/o\u00a0ministerios jurisdiccionales.<\/p>\n<p class=\"x_MsoNormal\" aria-hidden=\"true\">\n<p class=\"x_MsoNormal\">Con esta nueva oferta acad\u00e9mica, la Fundaci\u00f3n \u00c1gora reafirma su compromiso con la\u00a0educaci\u00f3n de calidad, la formaci\u00f3n continua y el fortalecimiento del desarrollo profesional\u00a0docente en toda la regi\u00f3n.<\/p>\n<p class=\"x_MsoNormal\">Los interesados pueden solicitar m\u00e1s informaci\u00f3n e inscribirse comunic\u00e1ndose al 3777-201115.<\/p>\n<p class=\"x_MsoNormal\" aria-hidden=\"true\">\n","protected":false},"excerpt":{"rendered":"<p>Oportunidad de estudio: La Fundaci\u00f3n \u00c1gora informa que ya se encuentran abiertas las inscripciones para cursar, a partir del ciclo lectivo 2026, tres nuevas licenciaturas universitarias en convenio con la\u00a0Universidad Nacional del Chaco Austral (UNCAus): Licenciatura en Educaci\u00f3n Inicial, Licenciatura en Gesti\u00f3n Educativa, Licenciatura en Educaci\u00f3n. Esta propuesta acad\u00e9mica tiene como objetivo ampliar las oportunidades [&hellip;]<\/p>\n","protected":false},"author":2,"featured_media":3870,"comment_status":"open","ping_status":"open","sticky":false,"template":"","format":"standard","meta":{"footnotes":""},"categories":[80],"tags":[],"class_list":{"0":"post-3869","1":"post","2":"type-post","3":"status-publish","4":"format-standard","5":"has-post-thumbnail","7":"category-educacion"},"_links":{"self":[{"href":"https:\/\/elpueblonoticia.com.ar\/web\/wp-json\/wp\/v2\/posts\/3869","targetHints":{"allow":["GET"]}}],"collection":[{"href":"https:\/\/elpueblonoticia.com.ar\/web\/wp-json\/wp\/v2\/posts"}],"about":[{"href":"https:\/\/elpueblonoticia.com.ar\/web\/wp-json\/wp\/v2\/types\/post"}],"author":[{"embeddable":true,"href":"https:\/\/elpueblonoticia.com.ar\/web\/wp-json\/wp\/v2\/users\/2"}],"replies":[{"embeddable":true,"href":"https:\/\/elpueblonoticia.com.ar\/web\/wp-json\/wp\/v2\/comments?post=3869"}],"version-history":[{"count":1,"href":"https:\/\/elpueblonoticia.com.ar\/web\/wp-json\/wp\/v2\/posts\/3869\/revisions"}],"predecessor-version":[{"id":3871,"href":"https:\/\/elpueblonoticia.com.ar\/web\/wp-json\/wp\/v2\/posts\/3869\/revisions\/3871"}],"wp:featuredmedia":[{"embeddable":true,"href":"https:\/\/elpueblonoticia.com.ar\/web\/wp-json\/wp\/v2\/media\/3870"}],"wp:attachment":[{"href":"https:\/\/elpueblonoticia.com.ar\/web\/wp-json\/wp\/v2\/media?parent=3869"}],"wp:term":[{"taxonomy":"category","embeddable":true,"href":"https:\/\/elpueblonoticia.com.ar\/web\/wp-json\/wp\/v2\/categories?post=3869"},{"taxonomy":"post_tag","embeddable":true,"href":"https:\/\/elpueblonoticia.com.ar\/web\/wp-json\/wp\/v2\/tags?post=3869"}],"curies":[{"name":"wp","href":"https:\/\/api.w.org\/{rel}","templated":true}]}}