{"id":3861,"date":"2025-11-19T09:37:11","date_gmt":"2025-11-19T12:37:11","guid":{"rendered":"https:\/\/elpueblonoticia.com.ar\/web\/?p=3861"},"modified":"2025-11-19T09:37:11","modified_gmt":"2025-11-19T12:37:11","slug":"charla-informativa-trazabilidad-digital-individual-obligatoria","status":"publish","type":"post","link":"https:\/\/elpueblonoticia.com.ar\/web\/2025\/11\/19\/charla-informativa-trazabilidad-digital-individual-obligatoria\/","title":{"rendered":"CHARLA INFORMATIVA: TRAZABILIDAD DIGITAL INDIVIDUAL OBLIGATORIA"},"content":{"rendered":"<p class=\"x_MsoNormal\" data-olk-copy-source=\"MessageBody\">La Sociedad Rural Goya invita a la charla a realizarse el pr\u00f3ximo mi\u00e9rcoles 26 de noviembre a las 16,30 horas, en su sede de calle Tucum\u00e1n 842.<\/p>\n<p class=\"x_MsoNormal\" aria-hidden=\"true\">\n<p class=\"x_MsoNormal\">El Senasa oficializ\u00f3 la trazabilidad electr\u00f3nica obligatoria para todo el ganado bovino, bubalino y c\u00e9rvido; y a partir del 1\u00b0 de enero de 2026 exigir\u00e1 que estos cuenten con un dispositivo electr\u00f3nico individual.<\/p>\n<p class=\"x_MsoNormal\" aria-hidden=\"true\">\n<p class=\"x_MsoNormal\">De all\u00ed la importancia de esta convocatoria hecha por la Sociedad Rural de Goya a sus socios y ganaderos en general, para el mi\u00e9rcoles 26 de noviembre, a las 16,30 horas en su sede social, Tucum\u00e1n 842.<\/p>\n<p class=\"x_MsoNormal\" aria-hidden=\"true\">\n","protected":false},"excerpt":{"rendered":"<p>La Sociedad Rural Goya invita a la charla a realizarse el pr\u00f3ximo mi\u00e9rcoles 26 de noviembre a las 16,30 horas, en su sede de calle Tucum\u00e1n 842. El Senasa oficializ\u00f3 la trazabilidad electr\u00f3nica obligatoria para todo el ganado bovino, bubalino y c\u00e9rvido; y a partir del 1\u00b0 de enero de 2026 exigir\u00e1 que estos cuenten [&hellip;]<\/p>\n","protected":false},"author":2,"featured_media":3862,"comment_status":"open","ping_status":"open","sticky":false,"template":"","format":"standard","meta":{"footnotes":""},"categories":[56],"tags":[],"class_list":{"0":"post-3861","1":"post","2":"type-post","3":"status-publish","4":"format-standard","5":"has-post-thumbnail","7":"category-locales"},"_links":{"self":[{"href":"https:\/\/elpueblonoticia.com.ar\/web\/wp-json\/wp\/v2\/posts\/3861","targetHints":{"allow":["GET"]}}],"collection":[{"href":"https:\/\/elpueblonoticia.com.ar\/web\/wp-json\/wp\/v2\/posts"}],"about":[{"href":"https:\/\/elpueblonoticia.com.ar\/web\/wp-json\/wp\/v2\/types\/post"}],"author":[{"embeddable":true,"href":"https:\/\/elpueblonoticia.com.ar\/web\/wp-json\/wp\/v2\/users\/2"}],"replies":[{"embeddable":true,"href":"https:\/\/elpueblonoticia.com.ar\/web\/wp-json\/wp\/v2\/comments?post=3861"}],"version-history":[{"count":1,"href":"https:\/\/elpueblonoticia.com.ar\/web\/wp-json\/wp\/v2\/posts\/3861\/revisions"}],"predecessor-version":[{"id":3863,"href":"https:\/\/elpueblonoticia.com.ar\/web\/wp-json\/wp\/v2\/posts\/3861\/revisions\/3863"}],"wp:featuredmedia":[{"embeddable":true,"href":"https:\/\/elpueblonoticia.com.ar\/web\/wp-json\/wp\/v2\/media\/3862"}],"wp:attachment":[{"href":"https:\/\/elpueblonoticia.com.ar\/web\/wp-json\/wp\/v2\/media?parent=3861"}],"wp:term":[{"taxonomy":"category","embeddable":true,"href":"https:\/\/elpueblonoticia.com.ar\/web\/wp-json\/wp\/v2\/categories?post=3861"},{"taxonomy":"post_tag","embeddable":true,"href":"https:\/\/elpueblonoticia.com.ar\/web\/wp-json\/wp\/v2\/tags?post=3861"}],"curies":[{"name":"wp","href":"https:\/\/api.w.org\/{rel}","templated":true}]}}