{"id":3847,"date":"2025-11-19T09:12:26","date_gmt":"2025-11-19T12:12:26","guid":{"rendered":"https:\/\/elpueblonoticia.com.ar\/web\/?p=3847"},"modified":"2025-11-19T09:12:26","modified_gmt":"2025-11-19T12:12:26","slug":"panel-literario-en-homenaje-a-sus-predecesores-por-el-50-aniversario-de-sade-goya","status":"publish","type":"post","link":"https:\/\/elpueblonoticia.com.ar\/web\/2025\/11\/19\/panel-literario-en-homenaje-a-sus-predecesores-por-el-50-aniversario-de-sade-goya\/","title":{"rendered":"PANEL LITERARIO EN HOMENAJE A SUS PREDECESORES POR EL 50\u00b0 ANIVERSARIO DE SADE GOYA"},"content":{"rendered":"<p class=\"x_MsoNormal\" data-olk-copy-source=\"MessageBody\">La Sociedad Argentina de Escritores (SADE) invita a hoy martes 18 de noviembre al Panel Literario \u201cHomenaje a Nuestros Predecesores en el 50\u00b0 Aniversario de SADE Goya\u201d, una actividad especial organizada en el marco de su medio siglo de vida institucional.<\/p>\n<p class=\"x_MsoNormal\">El encuentro tendr\u00e1 lugar a las 20 horas en la Casa de la Cultura, donde se rendir\u00e1 tributo a quienes marcaron el camino dentro de la tradici\u00f3n literaria local.<\/p>\n<p class=\"x_MsoNormal\" aria-hidden=\"true\">\n","protected":false},"excerpt":{"rendered":"<p>La Sociedad Argentina de Escritores (SADE) invita a hoy martes 18 de noviembre al Panel Literario \u201cHomenaje a Nuestros Predecesores en el 50\u00b0 Aniversario de SADE Goya\u201d, una actividad especial organizada en el marco de su medio siglo de vida institucional. El encuentro tendr\u00e1 lugar a las 20 horas en la Casa de la Cultura, [&hellip;]<\/p>\n","protected":false},"author":2,"featured_media":3848,"comment_status":"open","ping_status":"open","sticky":false,"template":"","format":"standard","meta":{"footnotes":""},"categories":[56],"tags":[],"class_list":{"0":"post-3847","1":"post","2":"type-post","3":"status-publish","4":"format-standard","5":"has-post-thumbnail","7":"category-locales"},"_links":{"self":[{"href":"https:\/\/elpueblonoticia.com.ar\/web\/wp-json\/wp\/v2\/posts\/3847","targetHints":{"allow":["GET"]}}],"collection":[{"href":"https:\/\/elpueblonoticia.com.ar\/web\/wp-json\/wp\/v2\/posts"}],"about":[{"href":"https:\/\/elpueblonoticia.com.ar\/web\/wp-json\/wp\/v2\/types\/post"}],"author":[{"embeddable":true,"href":"https:\/\/elpueblonoticia.com.ar\/web\/wp-json\/wp\/v2\/users\/2"}],"replies":[{"embeddable":true,"href":"https:\/\/elpueblonoticia.com.ar\/web\/wp-json\/wp\/v2\/comments?post=3847"}],"version-history":[{"count":1,"href":"https:\/\/elpueblonoticia.com.ar\/web\/wp-json\/wp\/v2\/posts\/3847\/revisions"}],"predecessor-version":[{"id":3849,"href":"https:\/\/elpueblonoticia.com.ar\/web\/wp-json\/wp\/v2\/posts\/3847\/revisions\/3849"}],"wp:featuredmedia":[{"embeddable":true,"href":"https:\/\/elpueblonoticia.com.ar\/web\/wp-json\/wp\/v2\/media\/3848"}],"wp:attachment":[{"href":"https:\/\/elpueblonoticia.com.ar\/web\/wp-json\/wp\/v2\/media?parent=3847"}],"wp:term":[{"taxonomy":"category","embeddable":true,"href":"https:\/\/elpueblonoticia.com.ar\/web\/wp-json\/wp\/v2\/categories?post=3847"},{"taxonomy":"post_tag","embeddable":true,"href":"https:\/\/elpueblonoticia.com.ar\/web\/wp-json\/wp\/v2\/tags?post=3847"}],"curies":[{"name":"wp","href":"https:\/\/api.w.org\/{rel}","templated":true}]}}