{"id":3843,"date":"2025-11-19T09:02:27","date_gmt":"2025-11-19T12:02:27","guid":{"rendered":"https:\/\/elpueblonoticia.com.ar\/web\/?p=3843"},"modified":"2025-11-19T09:02:27","modified_gmt":"2025-11-19T12:02:27","slug":"intendente-hormaechea-invita-a-una-nueva-inauguracion-de-obra-del-mita-y-mita-en-el-barrio-medalla-milagrosa","status":"publish","type":"post","link":"https:\/\/elpueblonoticia.com.ar\/web\/2025\/11\/19\/intendente-hormaechea-invita-a-una-nueva-inauguracion-de-obra-del-mita-y-mita-en-el-barrio-medalla-milagrosa\/","title":{"rendered":"INTENDENTE HORMAECHEA INVITA A UNA NUEVA INAUGURACI\u00d3N DE OBRA DEL \u201cMITA Y MITA\u201d EN EL BARRIO MEDALLA MILAGROSA"},"content":{"rendered":"<p class=\"x_MsoNormal\" data-olk-copy-source=\"MessageBody\">El intendente de Goya, Mariano Hormaechea, invita a los vecinos a participar este mi\u00e9rcoles 19 de noviembre, a las 20 horas, de una nueva inauguraci\u00f3n de calle de hormig\u00f3n armado ejecutada en el marco del exitoso Programa \u201cMita y Mita\u201d.<\/p>\n<p class=\"x_MsoNormal\">La ceremonia tendr\u00e1 lugar en Agust\u00edn P. Justo, entre Bolivia y Venezuela, en el barrio Medalla Milagrosa.<\/p>\n<p class=\"x_MsoNormal\">Mariano Hormaechea destac\u00f3 la importancia de estas obras que se realizan junto con el vecino y extendi\u00f3 una invitaci\u00f3n abierta a todos: \u201c\u00a1Queridos vecinos! Los invitamos este mi\u00e9rcoles 19 de noviembre a una nueva inauguraci\u00f3n del Programa Mita y Mita. Ser\u00e1 en la calle Agust\u00edn P. Justo entre Bolivia y Venezuela, en el barrio Medalla Milagrosa. Los esperamos a las 20 horas\u201d, expres\u00f3 el jefe comunal.<\/p>\n","protected":false},"excerpt":{"rendered":"<p>El intendente de Goya, Mariano Hormaechea, invita a los vecinos a participar este mi\u00e9rcoles 19 de noviembre, a las 20 horas, de una nueva inauguraci\u00f3n de calle de hormig\u00f3n armado ejecutada en el marco del exitoso Programa \u201cMita y Mita\u201d. La ceremonia tendr\u00e1 lugar en Agust\u00edn P. Justo, entre Bolivia y Venezuela, en el barrio [&hellip;]<\/p>\n","protected":false},"author":2,"featured_media":3844,"comment_status":"open","ping_status":"open","sticky":false,"template":"","format":"standard","meta":{"footnotes":""},"categories":[56],"tags":[],"class_list":{"0":"post-3843","1":"post","2":"type-post","3":"status-publish","4":"format-standard","5":"has-post-thumbnail","7":"category-locales"},"_links":{"self":[{"href":"https:\/\/elpueblonoticia.com.ar\/web\/wp-json\/wp\/v2\/posts\/3843","targetHints":{"allow":["GET"]}}],"collection":[{"href":"https:\/\/elpueblonoticia.com.ar\/web\/wp-json\/wp\/v2\/posts"}],"about":[{"href":"https:\/\/elpueblonoticia.com.ar\/web\/wp-json\/wp\/v2\/types\/post"}],"author":[{"embeddable":true,"href":"https:\/\/elpueblonoticia.com.ar\/web\/wp-json\/wp\/v2\/users\/2"}],"replies":[{"embeddable":true,"href":"https:\/\/elpueblonoticia.com.ar\/web\/wp-json\/wp\/v2\/comments?post=3843"}],"version-history":[{"count":1,"href":"https:\/\/elpueblonoticia.com.ar\/web\/wp-json\/wp\/v2\/posts\/3843\/revisions"}],"predecessor-version":[{"id":3845,"href":"https:\/\/elpueblonoticia.com.ar\/web\/wp-json\/wp\/v2\/posts\/3843\/revisions\/3845"}],"wp:featuredmedia":[{"embeddable":true,"href":"https:\/\/elpueblonoticia.com.ar\/web\/wp-json\/wp\/v2\/media\/3844"}],"wp:attachment":[{"href":"https:\/\/elpueblonoticia.com.ar\/web\/wp-json\/wp\/v2\/media?parent=3843"}],"wp:term":[{"taxonomy":"category","embeddable":true,"href":"https:\/\/elpueblonoticia.com.ar\/web\/wp-json\/wp\/v2\/categories?post=3843"},{"taxonomy":"post_tag","embeddable":true,"href":"https:\/\/elpueblonoticia.com.ar\/web\/wp-json\/wp\/v2\/tags?post=3843"}],"curies":[{"name":"wp","href":"https:\/\/api.w.org\/{rel}","templated":true}]}}