{"id":3827,"date":"2025-11-19T07:25:23","date_gmt":"2025-11-19T10:25:23","guid":{"rendered":"https:\/\/elpueblonoticia.com.ar\/web\/?p=3827"},"modified":"2025-11-19T07:25:23","modified_gmt":"2025-11-19T10:25:23","slug":"hormaechea-celebro-un-fin-de-semana-extraordinario-para-goya-y-destaco-el-impacto-turistico-y-economico-de-los-grandes-eventos","status":"publish","type":"post","link":"https:\/\/elpueblonoticia.com.ar\/web\/2025\/11\/19\/hormaechea-celebro-un-fin-de-semana-extraordinario-para-goya-y-destaco-el-impacto-turistico-y-economico-de-los-grandes-eventos\/","title":{"rendered":"HORMAECHEA CELEBR\u00d3 UN FIN DE SEMANA \u201cEXTRAORDINARIO\u201d PARA GOYA Y DESTAC\u00d3 EL IMPACTO TUR\u00cdSTICO Y ECON\u00d3MICO DE LOS GRANDES EVENTOS"},"content":{"rendered":"<p data-olk-copy-source=\"MessageBody\"><img loading=\"lazy\" decoding=\"async\" class=\"alignnone size-medium wp-image-3829\" src=\"https:\/\/elpueblonoticia.com.ar\/web\/wp-content\/uploads\/2025\/11\/ENTREVISTA-MARIANO-4-300x169.jpeg\" alt=\"\" width=\"300\" height=\"169\" srcset=\"https:\/\/elpueblonoticia.com.ar\/web\/wp-content\/uploads\/2025\/11\/ENTREVISTA-MARIANO-4-300x169.jpeg 300w, https:\/\/elpueblonoticia.com.ar\/web\/wp-content\/uploads\/2025\/11\/ENTREVISTA-MARIANO-4-1024x576.jpeg 1024w, https:\/\/elpueblonoticia.com.ar\/web\/wp-content\/uploads\/2025\/11\/ENTREVISTA-MARIANO-4-768x432.jpeg 768w, https:\/\/elpueblonoticia.com.ar\/web\/wp-content\/uploads\/2025\/11\/ENTREVISTA-MARIANO-4-1536x864.jpeg 1536w, https:\/\/elpueblonoticia.com.ar\/web\/wp-content\/uploads\/2025\/11\/ENTREVISTA-MARIANO-4-747x420.jpeg 747w, https:\/\/elpueblonoticia.com.ar\/web\/wp-content\/uploads\/2025\/11\/ENTREVISTA-MARIANO-4-696x391.jpeg 696w, https:\/\/elpueblonoticia.com.ar\/web\/wp-content\/uploads\/2025\/11\/ENTREVISTA-MARIANO-4-1068x600.jpeg 1068w, https:\/\/elpueblonoticia.com.ar\/web\/wp-content\/uploads\/2025\/11\/ENTREVISTA-MARIANO-4.jpeg 1599w\" sizes=\"auto, (max-width: 300px) 100vw, 300px\" \/><img loading=\"lazy\" decoding=\"async\" class=\"alignnone size-medium wp-image-3830\" src=\"https:\/\/elpueblonoticia.com.ar\/web\/wp-content\/uploads\/2025\/11\/ENTREVISTA-MARIANO-1-300x169.jpeg\" alt=\"\" width=\"300\" height=\"169\" srcset=\"https:\/\/elpueblonoticia.com.ar\/web\/wp-content\/uploads\/2025\/11\/ENTREVISTA-MARIANO-1-300x169.jpeg 300w, https:\/\/elpueblonoticia.com.ar\/web\/wp-content\/uploads\/2025\/11\/ENTREVISTA-MARIANO-1-1024x576.jpeg 1024w, https:\/\/elpueblonoticia.com.ar\/web\/wp-content\/uploads\/2025\/11\/ENTREVISTA-MARIANO-1-768x432.jpeg 768w, https:\/\/elpueblonoticia.com.ar\/web\/wp-content\/uploads\/2025\/11\/ENTREVISTA-MARIANO-1-1536x864.jpeg 1536w, https:\/\/elpueblonoticia.com.ar\/web\/wp-content\/uploads\/2025\/11\/ENTREVISTA-MARIANO-1-747x420.jpeg 747w, https:\/\/elpueblonoticia.com.ar\/web\/wp-content\/uploads\/2025\/11\/ENTREVISTA-MARIANO-1-696x392.jpeg 696w, https:\/\/elpueblonoticia.com.ar\/web\/wp-content\/uploads\/2025\/11\/ENTREVISTA-MARIANO-1-1068x601.jpeg 1068w, https:\/\/elpueblonoticia.com.ar\/web\/wp-content\/uploads\/2025\/11\/ENTREVISTA-MARIANO-1.jpeg 1600w\" sizes=\"auto, (max-width: 300px) 100vw, 300px\" \/><img loading=\"lazy\" decoding=\"async\" class=\"alignnone size-medium wp-image-3831\" src=\"https:\/\/elpueblonoticia.com.ar\/web\/wp-content\/uploads\/2025\/11\/ENTREVISTA-MARIANO-2-300x169.jpeg\" alt=\"\" width=\"300\" height=\"169\" srcset=\"https:\/\/elpueblonoticia.com.ar\/web\/wp-content\/uploads\/2025\/11\/ENTREVISTA-MARIANO-2-300x169.jpeg 300w, https:\/\/elpueblonoticia.com.ar\/web\/wp-content\/uploads\/2025\/11\/ENTREVISTA-MARIANO-2-1024x576.jpeg 1024w, https:\/\/elpueblonoticia.com.ar\/web\/wp-content\/uploads\/2025\/11\/ENTREVISTA-MARIANO-2-768x432.jpeg 768w, https:\/\/elpueblonoticia.com.ar\/web\/wp-content\/uploads\/2025\/11\/ENTREVISTA-MARIANO-2-1536x864.jpeg 1536w, https:\/\/elpueblonoticia.com.ar\/web\/wp-content\/uploads\/2025\/11\/ENTREVISTA-MARIANO-2-747x420.jpeg 747w, https:\/\/elpueblonoticia.com.ar\/web\/wp-content\/uploads\/2025\/11\/ENTREVISTA-MARIANO-2-696x392.jpeg 696w, https:\/\/elpueblonoticia.com.ar\/web\/wp-content\/uploads\/2025\/11\/ENTREVISTA-MARIANO-2-1068x601.jpeg 1068w, https:\/\/elpueblonoticia.com.ar\/web\/wp-content\/uploads\/2025\/11\/ENTREVISTA-MARIANO-2.jpeg 1600w\" sizes=\"auto, (max-width: 300px) 100vw, 300px\" \/><\/p>\n<p class=\"x_MsoNormal\" data-olk-copy-source=\"MessageBody\">La noche de gala de la 7\u00b0 Edici\u00f3n del Concurso de Pesca \u201cLa Previa\u201d, organizada por la barra pesquera del Club N\u00e1utico y Pesca de Goya, tuvo un cierre especial. En medio de la premiaci\u00f3n y ante un predio colmado, el intendente doctor Mariano Hormaechea dialog\u00f3 con la se\u00f1al oficial de T5 Satelital, donde realiz\u00f3 un balance del intenso fin de semana que vivi\u00f3 la ciudad.<\/p>\n<p class=\"x_MsoNormal\">A pura satisfacci\u00f3n, el jefe comunal sostuvo: \u201cEste es uno de los eventos m\u00e1s importantes que tuvimos el fin de semana, adem\u00e1s estuvimos con la Fiesta Provincial del Inmigrante, el Festival de Cine Goya y este gran Concurso de \u2018La Previa\u2019 que ha convocado a m\u00e1s de 400 embarcaciones\u201d.<\/p>\n<p class=\"x_MsoNormal\">El intendente destac\u00f3 el esfuerzo conjunto de los organizadores y expres\u00f3: \u201cFelicitar a todos a la Comisi\u00f3n del Club N\u00e1utico, a Juan Bautista Bassi que estuvo trabajando y vinieron laburando todo este tiempo\u201d.<\/p>\n<p class=\"x_MsoNormal\">GOYA, EN MOVIMIENTO: TURISMO, PESCA Y ECONOM\u00cdA LOCAL<\/p>\n<p class=\"x_MsoNormal\">Con m\u00e1s de 1.200 pescadores, muchos acompa\u00f1ados por sus familias, el movimiento en Goya durante el fin de semana fue notable. Hormaechea subray\u00f3 la importancia estrat\u00e9gica de estas iniciativas: \u201cNosotros acompa\u00f1ar este tipo de eventos es un poco acompa\u00f1ar una apuesta m\u00e1s que se hace para la ciudad, para movilizar el turismo, la pesca, imag\u00ednate que estuvieron m\u00e1s de 400 embarcaciones que la gran mayor\u00eda son pescadores for\u00e1neos y de esa forma se va cumpliendo con el objetivo, no solamente de generar este tipo de concurso y festivales, sino que tener una mirada tur\u00edstica\u201d.<\/p>\n<p class=\"x_MsoNormal\">El intendente detall\u00f3 que el impacto econ\u00f3mico fue directo y transversal: \u201cTotalmente, esto lo que hace es movilizar la econom\u00eda local, trabajan los kioscos, estaciones de servicios, el mundo de la pesca, alojamientos, supermercados y eso moviliza el comercio interno que es muy importante sobre todo en estos tiempos donde la econom\u00eda no es tan sencilla y eso hace que movilice los ingresos en econom\u00eda local\u201d.<\/p>\n<p class=\"x_MsoNormal\">RECONOCIMIENTOS Y FECHAS EMBLEM\u00c1TICAS DE NOVIEMBRE<\/p>\n<p class=\"x_MsoNormal\">Hormaechea tambi\u00e9n destac\u00f3 el clima festivo y emotivo que vive Goya en este mes. La celebraci\u00f3n del D\u00eda del Empleado Municipal marc\u00f3 una semana de actividades especiales.<\/p>\n<p class=\"x_MsoNormal\">\u201cHace unos d\u00edas estuvimos reconociendo a los empleados municipales que son parte de este equipo de gesti\u00f3n y son los que nos permiten hacer y avanzar lo que pudimos en este tiempo, es un reconocimiento hacia ellos, se realiz\u00f3 el Torneo de F\u00fatbol Tradicional, siempre se realizan festejos, siempre acompa\u00f1amos, el viernes 7 hemos resuelto que sea feriado para que se pueda celebrar el d\u00eda del empleado municipal\u201d, se\u00f1al\u00f3.<\/p>\n<p class=\"x_MsoNormal\">Pero el evento m\u00e1s trascendente fue, sin dudas, la conmemoraci\u00f3n del 9 de noviembre, fecha establecida por Ley Provincial como referencia hist\u00f3rica para la Primera Radicaci\u00f3n en Goya. El intendente lo defini\u00f3 con \u00e9nfasis: \u201cFue un d\u00eda hist\u00f3rico para la ciudad, esto del 9 de noviembre donde a partir de all\u00ed vamos a tener una fecha nos va a permitir tener el inicio o el origen o tener la meta de partida para saber hacia d\u00f3nde vamos, creemos que Goya tiene una historia muy rica, una identidad, una cultura, el chamam\u00e9, los concursos de pesca como la gran Fiesta Nacional del Surub\u00ed entre otras cuestiones que tenemos como goyanos\u201d.<\/p>\n<p class=\"x_MsoNormal\">El jefe comunal explic\u00f3 c\u00f3mo se concret\u00f3 esta celebraci\u00f3n in\u00e9dita: \u201cMe parece que nos faltaba llevar a la pr\u00e1ctica una Ley Provincial que se hab\u00eda dictado en el a\u00f1o 2012 y que a partir de los fundamentos que la ley determina pudimos lograr la primera celebraci\u00f3n, seguramente mirando hacia adelante va a ser la fecha en la cual todos los goyanos vamos a convocar, vamos a poner todo sobre la mesa y poder celebrar de alguna manera el cumplea\u00f1os de nuestra ciudad\u201d.<\/p>\n<p class=\"x_MsoNormal\">Con un acompa\u00f1amiento masivo en Plaza Mitre \u2014ex intendentes, instituciones, organizaciones y vecinos\u2014, Hormaechea destac\u00f3 el consenso logrado: \u201cSe ha entendido lo que hab\u00edamos planteado porque previo a la celebraci\u00f3n realizamos una convocatoria donde pusimos los fundamentos de la Ley, contamos sobre esta Ley, era algo que ten\u00eda que ser de todos los goyanos, no algo que sal\u00eda de nosotros y de esa manera la compartimos\u201d.<\/p>\n<p class=\"x_MsoNormal\">Y agreg\u00f3 con satisfacci\u00f3n: \u201cCreo que se ha legitimado, participaron todos los sectores y la verdad celebramos esto. Y con una caracter\u00edstica particular que los ex intendentes que hoy est\u00e1n todav\u00eda \u2013son varios\u2013 pudieron acompa\u00f1ar esta celebraci\u00f3n, le dio un marco de legitimidad y as\u00ed lo miramos nosotros tambi\u00e9n, estamos muy contentos y agradecidos a todos los que nos acompa\u00f1aron, instituciones y a la ciudad que estuvo presente y se sinti\u00f3 representada ese domingo en Plaza Mitre\u201d.<\/p>\n<p class=\"x_MsoNormal\">SIN LARGADA, PERO PRESENTE EN \u201cLA PREVIA\u201d<\/p>\n<p class=\"x_MsoNormal\">Sobre su participaci\u00f3n en el concurso de pesca, Hormaechea respondi\u00f3 entre risas: \u201cNo particip\u00e9, no largu\u00e9, no lo pude hacer, pero siempre acompa\u00f1ando, nos estamos preparando para el fin de semana que viene para participar de la Fiesta del Surub\u00ed de Ituzaing\u00f3, tenemos el equipo armado, en esta \u2018Previa\u2019 acompa\u00f1amos\u201d.<\/p>\n<p class=\"x_MsoNormal\">Con eventos multitudinarios, fechas hist\u00f3ricas y un movimiento tur\u00edstico notable, Goya atraviesa un noviembre vibrante. Y en cada actividad, el intendente vuelve a subrayar un mensaje claro: la ciudad crece cuando se construye entre todos.<\/p>\n<p class=\"x_MsoNormal\" aria-hidden=\"true\">\n","protected":false},"excerpt":{"rendered":"<p>La noche de gala de la 7\u00b0 Edici\u00f3n del Concurso de Pesca \u201cLa Previa\u201d, organizada por la barra pesquera del Club N\u00e1utico y Pesca de Goya, tuvo un cierre especial. En medio de la premiaci\u00f3n y ante un predio colmado, el intendente doctor Mariano Hormaechea dialog\u00f3 con la se\u00f1al oficial de T5 Satelital, donde realiz\u00f3 [&hellip;]<\/p>\n","protected":false},"author":2,"featured_media":3828,"comment_status":"open","ping_status":"open","sticky":false,"template":"","format":"standard","meta":{"footnotes":""},"categories":[56],"tags":[],"class_list":{"0":"post-3827","1":"post","2":"type-post","3":"status-publish","4":"format-standard","5":"has-post-thumbnail","7":"category-locales"},"_links":{"self":[{"href":"https:\/\/elpueblonoticia.com.ar\/web\/wp-json\/wp\/v2\/posts\/3827","targetHints":{"allow":["GET"]}}],"collection":[{"href":"https:\/\/elpueblonoticia.com.ar\/web\/wp-json\/wp\/v2\/posts"}],"about":[{"href":"https:\/\/elpueblonoticia.com.ar\/web\/wp-json\/wp\/v2\/types\/post"}],"author":[{"embeddable":true,"href":"https:\/\/elpueblonoticia.com.ar\/web\/wp-json\/wp\/v2\/users\/2"}],"replies":[{"embeddable":true,"href":"https:\/\/elpueblonoticia.com.ar\/web\/wp-json\/wp\/v2\/comments?post=3827"}],"version-history":[{"count":1,"href":"https:\/\/elpueblonoticia.com.ar\/web\/wp-json\/wp\/v2\/posts\/3827\/revisions"}],"predecessor-version":[{"id":3832,"href":"https:\/\/elpueblonoticia.com.ar\/web\/wp-json\/wp\/v2\/posts\/3827\/revisions\/3832"}],"wp:featuredmedia":[{"embeddable":true,"href":"https:\/\/elpueblonoticia.com.ar\/web\/wp-json\/wp\/v2\/media\/3828"}],"wp:attachment":[{"href":"https:\/\/elpueblonoticia.com.ar\/web\/wp-json\/wp\/v2\/media?parent=3827"}],"wp:term":[{"taxonomy":"category","embeddable":true,"href":"https:\/\/elpueblonoticia.com.ar\/web\/wp-json\/wp\/v2\/categories?post=3827"},{"taxonomy":"post_tag","embeddable":true,"href":"https:\/\/elpueblonoticia.com.ar\/web\/wp-json\/wp\/v2\/tags?post=3827"}],"curies":[{"name":"wp","href":"https:\/\/api.w.org\/{rel}","templated":true}]}}