{"id":3815,"date":"2025-11-18T11:58:53","date_gmt":"2025-11-18T14:58:53","guid":{"rendered":"https:\/\/elpueblonoticia.com.ar\/web\/?p=3815"},"modified":"2025-11-18T11:58:53","modified_gmt":"2025-11-18T14:58:53","slug":"las-escuelas-municipales-cada-vez-mas-valoradas-practicas-profesionalizantes-presencia-en-eventos-y-una-demanda-que-no-deja-de-crecer","status":"publish","type":"post","link":"https:\/\/elpueblonoticia.com.ar\/web\/2025\/11\/18\/las-escuelas-municipales-cada-vez-mas-valoradas-practicas-profesionalizantes-presencia-en-eventos-y-una-demanda-que-no-deja-de-crecer\/","title":{"rendered":"LAS ESCUELAS MUNICIPALES, CADA VEZ M\u00c1S VALORADAS:  PR\u00c1CTICAS PROFESIONALIZANTES, PRESENCIA EN EVENTOS Y UNA DEMANDA QUE NO DEJA DE CRECER"},"content":{"rendered":"<p data-olk-copy-source=\"MessageBody\"><img loading=\"lazy\" decoding=\"async\" class=\"alignnone size-medium wp-image-3817\" src=\"https:\/\/elpueblonoticia.com.ar\/web\/wp-content\/uploads\/2025\/11\/escuela-municipal-Nuestra-Senoira-de-ItaTI-entrevista-a-la-Directora-Gladys-Ramos-1-quinceanera-s-226x300.jpg\" alt=\"\" width=\"226\" height=\"300\" srcset=\"https:\/\/elpueblonoticia.com.ar\/web\/wp-content\/uploads\/2025\/11\/escuela-municipal-Nuestra-Senoira-de-ItaTI-entrevista-a-la-Directora-Gladys-Ramos-1-quinceanera-s-226x300.jpg 226w, https:\/\/elpueblonoticia.com.ar\/web\/wp-content\/uploads\/2025\/11\/escuela-municipal-Nuestra-Senoira-de-ItaTI-entrevista-a-la-Directora-Gladys-Ramos-1-quinceanera-s-770x1024.jpg 770w, https:\/\/elpueblonoticia.com.ar\/web\/wp-content\/uploads\/2025\/11\/escuela-municipal-Nuestra-Senoira-de-ItaTI-entrevista-a-la-Directora-Gladys-Ramos-1-quinceanera-s-768x1021.jpg 768w, https:\/\/elpueblonoticia.com.ar\/web\/wp-content\/uploads\/2025\/11\/escuela-municipal-Nuestra-Senoira-de-ItaTI-entrevista-a-la-Directora-Gladys-Ramos-1-quinceanera-s-1156x1536.jpg 1156w, https:\/\/elpueblonoticia.com.ar\/web\/wp-content\/uploads\/2025\/11\/escuela-municipal-Nuestra-Senoira-de-ItaTI-entrevista-a-la-Directora-Gladys-Ramos-1-quinceanera-s-316x420.jpg 316w, https:\/\/elpueblonoticia.com.ar\/web\/wp-content\/uploads\/2025\/11\/escuela-municipal-Nuestra-Senoira-de-ItaTI-entrevista-a-la-Directora-Gladys-Ramos-1-quinceanera-s-696x925.jpg 696w, https:\/\/elpueblonoticia.com.ar\/web\/wp-content\/uploads\/2025\/11\/escuela-municipal-Nuestra-Senoira-de-ItaTI-entrevista-a-la-Directora-Gladys-Ramos-1-quinceanera-s-1068x1420.jpg 1068w, https:\/\/elpueblonoticia.com.ar\/web\/wp-content\/uploads\/2025\/11\/escuela-municipal-Nuestra-Senoira-de-ItaTI-entrevista-a-la-Directora-Gladys-Ramos-1-quinceanera-s.jpg 1440w\" sizes=\"auto, (max-width: 226px) 100vw, 226px\" \/><img loading=\"lazy\" decoding=\"async\" class=\"alignnone size-medium wp-image-3818\" src=\"https:\/\/elpueblonoticia.com.ar\/web\/wp-content\/uploads\/2025\/11\/escuela-municipal-Nuestra-Senoira-de-ItaTI-entrevista-a-la-Directora-Gladys-Ramos-2-quinceanera-s-226x300.jpg\" alt=\"\" width=\"226\" height=\"300\" srcset=\"https:\/\/elpueblonoticia.com.ar\/web\/wp-content\/uploads\/2025\/11\/escuela-municipal-Nuestra-Senoira-de-ItaTI-entrevista-a-la-Directora-Gladys-Ramos-2-quinceanera-s-226x300.jpg 226w, https:\/\/elpueblonoticia.com.ar\/web\/wp-content\/uploads\/2025\/11\/escuela-municipal-Nuestra-Senoira-de-ItaTI-entrevista-a-la-Directora-Gladys-Ramos-2-quinceanera-s-770x1024.jpg 770w, https:\/\/elpueblonoticia.com.ar\/web\/wp-content\/uploads\/2025\/11\/escuela-municipal-Nuestra-Senoira-de-ItaTI-entrevista-a-la-Directora-Gladys-Ramos-2-quinceanera-s-768x1021.jpg 768w, https:\/\/elpueblonoticia.com.ar\/web\/wp-content\/uploads\/2025\/11\/escuela-municipal-Nuestra-Senoira-de-ItaTI-entrevista-a-la-Directora-Gladys-Ramos-2-quinceanera-s-1156x1536.jpg 1156w, https:\/\/elpueblonoticia.com.ar\/web\/wp-content\/uploads\/2025\/11\/escuela-municipal-Nuestra-Senoira-de-ItaTI-entrevista-a-la-Directora-Gladys-Ramos-2-quinceanera-s-316x420.jpg 316w, https:\/\/elpueblonoticia.com.ar\/web\/wp-content\/uploads\/2025\/11\/escuela-municipal-Nuestra-Senoira-de-ItaTI-entrevista-a-la-Directora-Gladys-Ramos-2-quinceanera-s-696x925.jpg 696w, https:\/\/elpueblonoticia.com.ar\/web\/wp-content\/uploads\/2025\/11\/escuela-municipal-Nuestra-Senoira-de-ItaTI-entrevista-a-la-Directora-Gladys-Ramos-2-quinceanera-s-1068x1420.jpg 1068w, https:\/\/elpueblonoticia.com.ar\/web\/wp-content\/uploads\/2025\/11\/escuela-municipal-Nuestra-Senoira-de-ItaTI-entrevista-a-la-Directora-Gladys-Ramos-2-quinceanera-s.jpg 1440w\" sizes=\"auto, (max-width: 226px) 100vw, 226px\" \/><\/p>\n<p class=\"x_MsoNormal\" data-olk-copy-source=\"MessageBody\">La participaci\u00f3n activa de las Escuelas Municipales en distintos eventos comunitarios de Goya y la regi\u00f3n contin\u00faa consolidando su rol formativo y social.<\/p>\n<p class=\"x_MsoNormal\">Durante el \u00faltimo fin de semana, su presencia se hizo notar en dos acontecimientos de gran convocatoria: la Fiesta Provincial del Inmigrante y el tradicional Baile de las Quincea\u00f1eras en el Colegio Buenavista. En ambos casos, alumnas y profesoras de los perfiles de est\u00e9tica, belleza, peluquer\u00eda y maquillaje social llevaron adelante pr\u00e1cticas profesionalizantes que no solo les brindan experiencia, sino que tambi\u00e9n visibilizan el trabajo que se realiza durante todo el ciclo lectivo.<\/p>\n<p class=\"x_MsoNormal\" aria-hidden=\"true\">\n<p class=\"x_MsoNormal\">Para profundizar en este proceso de crecimiento y reconocimiento, dialogamos desde Radio Ciudad, con la directora de la Escuela Taller Nuestra Se\u00f1ora de Itat\u00ed, Gladys Ramos, quien se\u00f1al\u00f3 desde el inicio: \u201cEl valor que han cobrado las Escuelas Municipales y sobre todo algunos perfiles m\u00e1s que otros se visibilizan m\u00e1s, la otra opci\u00f3n los espacios propios de la escuela para exponer justamente el trabajo donde todo el ciclo lectivo se desarrolla y dentro de esta pr\u00e1ctica profesionalizantes\u201d.<\/p>\n<p class=\"x_MsoNormal\" aria-hidden=\"true\">\n<p class=\"x_MsoNormal\">EVENTOS DEL FIN DE SEMANA<\/p>\n<p class=\"x_MsoNormal\" aria-hidden=\"true\">\n<p class=\"x_MsoNormal\">La participaci\u00f3n en la Fiesta Provincial del Inmigrante sorprendi\u00f3 por su despliegue profesional: mesitas, luces, espejos y un equipo completo dedicado al peinado y maquillaje de candidatas, reinas y embajadores. Este trabajo se desarroll\u00f3 principalmente el d\u00eda viernes, para luego ceder el s\u00e1bado la tarea a cada colectividad.<\/p>\n<p class=\"x_MsoNormal\" aria-hidden=\"true\">\n<p class=\"x_MsoNormal\">\u201cNos quedamos en este sentido, el acompa\u00f1amiento de las escuelas municipales que dependen de la Secretar\u00eda de Educaci\u00f3n\u2026\u201d, destac\u00f3 Ramos, al valorar la respuesta y la demanda creciente tambi\u00e9n en la zona rural, donde se desarroll\u00f3 otro evento ese mismo fin de semana.<\/p>\n<p class=\"x_MsoNormal\" aria-hidden=\"true\">\n<p class=\"x_MsoNormal\">Mientras tanto, la Escuela Nuestra Se\u00f1ora de Itat\u00ed se ocup\u00f3 del Baile de las Quincea\u00f1eras. \u201cUnos d\u00edas antes vinieron unas chicas a la escuela\u2026 se le hizo tratamiento, todo para el evento del d\u00eda s\u00e1bado\u201d, explic\u00f3 la directora. Ese d\u00eda, las alumnas fueron trasladadas por su profesora desde la escuela hasta Buenavista, donde realizaron peinados y maquillaje profesional, combinando las pr\u00e1cticas de los perfiles de auxiliar de peluquer\u00eda y maquillaje social.<\/p>\n<p class=\"x_MsoNormal\" aria-hidden=\"true\">\n<p class=\"x_MsoNormal\">Ramos fue clara al valorar la creciente confianza del p\u00fablico y de las instituciones: \u201cLo bueno es que reconocen el trabajo que hacemos porque estamos convocados en todo, que a veces tenemos que ordenar y dividirnos entre las dos escuelas porque si no se nos complica\u201d.<\/p>\n<p class=\"x_MsoNormal\" aria-hidden=\"true\">\n<p class=\"x_MsoNormal\">La agenda se mantiene cargada. En los pr\u00f3ximos d\u00edas, las escuelas municipales participar\u00e1n del Encuentro de Armadores de Cigarros y Puros, adem\u00e1s de continuar cumpliendo convenios con instituciones rurales donde las alumnas realizan pr\u00e1cticas en contextos muy diferentes a los urbanos.<\/p>\n<p class=\"x_MsoNormal\" aria-hidden=\"true\">\n<p class=\"x_MsoNormal\">La directora destac\u00f3 el impacto pedag\u00f3gico: \u201cLes pregunto a las alumnas si ellos vivieron una experiencia de dirigirnos a una escuela de campo y ellos te dicen \u2018no\u2019, que ellos ven otra realidad. Y de eso se trata, que ellos vean c\u00f3mo es la poblaci\u00f3n para su trabajo\u201d.<\/p>\n<p class=\"x_MsoNormal\" aria-hidden=\"true\">\n<p class=\"x_MsoNormal\">PREPARATIVOS PARA EL ENCUENTRO DE CIGARROS Y PUROS<\/p>\n<p class=\"x_MsoNormal\" aria-hidden=\"true\">\n<p class=\"x_MsoNormal\">De cara al pr\u00f3ximo fin de semana, la Escuela Nuestra Se\u00f1ora de Itat\u00ed volver\u00e1 a tener una participaci\u00f3n activa.<\/p>\n<p class=\"x_MsoNormal\" aria-hidden=\"true\">\n<p class=\"x_MsoNormal\">\u201cEsta semana se le va a hacer la parte de manicura y el viernes, en la elecci\u00f3n de reina, va el turno ma\u00f1ana con la profe Miriam Romero y Florencia Medina para el peinado. Veremos los maquillajes porque a veces ya vienen maquilladas las chicas. Hasta ahora estamos con peinados\u201d, detall\u00f3 Ramos.<\/p>\n<p class=\"x_MsoNormal\" aria-hidden=\"true\">\n<p class=\"x_MsoNormal\">Las candidatas tambi\u00e9n realizan pruebas durante la semana, mientras que el viernes, d\u00eda central, el equipo de alumnas y profesoras estar\u00e1 encargado de los peinados durante la elecci\u00f3n.<\/p>\n<p class=\"x_MsoNormal\" aria-hidden=\"true\">\n<p class=\"x_MsoNormal\">La directora remarc\u00f3 la importancia del acompa\u00f1amiento institucional: \u201cVenimos trabajando con nuestra base que es la Secretar\u00eda de Educaci\u00f3n, a cargo de Sonia Espina, que nos convoca y nos dan las tareas. Creo que este es el \u00faltimo evento que nos toca salir, ya que nos encaminamos para los actos de colaci\u00f3n de las escuelas municipales, estamos en la recta final\u201d.<\/p>\n<p class=\"x_MsoNormal\" aria-hidden=\"true\">\n<p class=\"x_MsoNormal\">UNA DEMANDA QUE SUPERA LA CAPACIDAD DE INSCRIPCI\u00d3N<\/p>\n<p class=\"x_MsoNormal\" aria-hidden=\"true\">\n<p class=\"x_MsoNormal\">El reconocimiento de la comunidad tambi\u00e9n se refleja en el momento de abrir las inscripciones.<\/p>\n<p class=\"x_MsoNormal\" aria-hidden=\"true\">\n<p class=\"x_MsoNormal\">\u201cA veces pensamos en qu\u00e9 fecha largar el periodo de inscripci\u00f3n porque decimos \u2018largamos en diciembre y cuando llegamos a febrero tenemos el cupo lleno\u2019, entonces hacemos una preinscripci\u00f3n\u201d, cont\u00f3 Ramos.<\/p>\n<p class=\"x_MsoNormal\" aria-hidden=\"true\">\n<p class=\"x_MsoNormal\">La velocidad con la que se completan los cupos sorprende todos los a\u00f1os: \u201cEn realidad, en dos d\u00edas se completa el cupo y no podemos seguir inscribiendo porque no tenemos el espacio f\u00edsico suficiente para tantos alumnos. Ah\u00ed es donde nos juega en contra y tenemos que ser limitados en las inscripciones\u201d, agreg\u00f3.<\/p>\n<p class=\"x_MsoNormal\" aria-hidden=\"true\">\n<p class=\"x_MsoNormal\">CAPACITACI\u00d3N A MAM\u00c1S DE CONIN<\/p>\n<p class=\"x_MsoNormal\" aria-hidden=\"true\">\n<p class=\"x_MsoNormal\">Este a\u00f1o, la escuela tambi\u00e9n llev\u00f3 adelante una capacitaci\u00f3n especial en la sede de CONIN, dirigida a mam\u00e1s que participan del programa. La experiencia fue ampliamente valorada:<\/p>\n<p class=\"x_MsoNormal\" aria-hidden=\"true\">\n<p class=\"x_MsoNormal\">\u201cFue aceptado muy bien, gracias a Dios, y ya nos dijo la directora que el a\u00f1o que viene nos quiere nuevamente. Eso es una gran satisfacci\u00f3n y vamos a ver c\u00f3mo nos volvemos a organizar\u201d, expres\u00f3 la Directora de la Escuela Municipal.<\/p>\n<p class=\"x_MsoNormal\" aria-hidden=\"true\">\n<p class=\"x_MsoNormal\">CIERRE DEL A\u00d1O<\/p>\n<p class=\"x_MsoNormal\" aria-hidden=\"true\">\n<p class=\"x_MsoNormal\">Las Escuelas Municipales atraviesan el tramo final del ciclo lectivo con una notable presencia territorial, un fuerte reconocimiento social y un impacto formativo real en cada alumna.<\/p>\n<p class=\"x_MsoNormal\">Como sintetiz\u00f3 la directora: \u201cTratamos de cubrir la mayor\u00eda que llevan los pedidos a Secretar\u00eda a trav\u00e9s de la Municipalidad; vamos con la Escuela Villarreal para un lado y para otro para cubrir todos los eventos posibles\u201d.<\/p>\n<p class=\"x_MsoNormal\" aria-hidden=\"true\">\n<p class=\"x_MsoNormal\">El trabajo conjunto, la demanda creciente y la inserci\u00f3n en la comunidad consolidan a estas instituciones como un pilar formativo y social esencial para cientos de goyanos que encuentran all\u00ed una oportunidad para aprender, emprender y progresar. Concluy\u00f3 la Directora de la Escuela Taller \u201cNuestra Se\u00f1ora de Itati\u201d Gladys Ramos.<\/p>\n","protected":false},"excerpt":{"rendered":"<p>La participaci\u00f3n activa de las Escuelas Municipales en distintos eventos comunitarios de Goya y la regi\u00f3n contin\u00faa consolidando su rol formativo y social. Durante el \u00faltimo fin de semana, su presencia se hizo notar en dos acontecimientos de gran convocatoria: la Fiesta Provincial del Inmigrante y el tradicional Baile de las Quincea\u00f1eras en el Colegio [&hellip;]<\/p>\n","protected":false},"author":2,"featured_media":3816,"comment_status":"open","ping_status":"open","sticky":false,"template":"","format":"standard","meta":{"footnotes":""},"categories":[56],"tags":[],"class_list":{"0":"post-3815","1":"post","2":"type-post","3":"status-publish","4":"format-standard","5":"has-post-thumbnail","7":"category-locales"},"_links":{"self":[{"href":"https:\/\/elpueblonoticia.com.ar\/web\/wp-json\/wp\/v2\/posts\/3815","targetHints":{"allow":["GET"]}}],"collection":[{"href":"https:\/\/elpueblonoticia.com.ar\/web\/wp-json\/wp\/v2\/posts"}],"about":[{"href":"https:\/\/elpueblonoticia.com.ar\/web\/wp-json\/wp\/v2\/types\/post"}],"author":[{"embeddable":true,"href":"https:\/\/elpueblonoticia.com.ar\/web\/wp-json\/wp\/v2\/users\/2"}],"replies":[{"embeddable":true,"href":"https:\/\/elpueblonoticia.com.ar\/web\/wp-json\/wp\/v2\/comments?post=3815"}],"version-history":[{"count":1,"href":"https:\/\/elpueblonoticia.com.ar\/web\/wp-json\/wp\/v2\/posts\/3815\/revisions"}],"predecessor-version":[{"id":3819,"href":"https:\/\/elpueblonoticia.com.ar\/web\/wp-json\/wp\/v2\/posts\/3815\/revisions\/3819"}],"wp:featuredmedia":[{"embeddable":true,"href":"https:\/\/elpueblonoticia.com.ar\/web\/wp-json\/wp\/v2\/media\/3816"}],"wp:attachment":[{"href":"https:\/\/elpueblonoticia.com.ar\/web\/wp-json\/wp\/v2\/media?parent=3815"}],"wp:term":[{"taxonomy":"category","embeddable":true,"href":"https:\/\/elpueblonoticia.com.ar\/web\/wp-json\/wp\/v2\/categories?post=3815"},{"taxonomy":"post_tag","embeddable":true,"href":"https:\/\/elpueblonoticia.com.ar\/web\/wp-json\/wp\/v2\/tags?post=3815"}],"curies":[{"name":"wp","href":"https:\/\/api.w.org\/{rel}","templated":true}]}}