{"id":3809,"date":"2025-11-18T11:51:12","date_gmt":"2025-11-18T14:51:12","guid":{"rendered":"https:\/\/elpueblonoticia.com.ar\/web\/?p=3809"},"modified":"2025-11-18T11:51:12","modified_gmt":"2025-11-18T14:51:12","slug":"todo-listo-para-vivir-el-xvi-encuentro-de-productores-y-armadores-de-cigarros-y-puros","status":"publish","type":"post","link":"https:\/\/elpueblonoticia.com.ar\/web\/2025\/11\/18\/todo-listo-para-vivir-el-xvi-encuentro-de-productores-y-armadores-de-cigarros-y-puros\/","title":{"rendered":"TODO LISTO PARA VIVIR EL XVI ENCUENTRO DE PRODUCTORES Y ARMADORES DE CIGARROS Y PUROS"},"content":{"rendered":"<p data-olk-copy-source=\"MessageBody\"><img loading=\"lazy\" decoding=\"async\" class=\"alignnone size-medium wp-image-3812\" src=\"https:\/\/elpueblonoticia.com.ar\/web\/wp-content\/uploads\/2025\/11\/CRONOGRAMA-CIGARROS-Y-PUROS-2-240x300.jpeg\" alt=\"\" width=\"240\" height=\"300\" srcset=\"https:\/\/elpueblonoticia.com.ar\/web\/wp-content\/uploads\/2025\/11\/CRONOGRAMA-CIGARROS-Y-PUROS-2-240x300.jpeg 240w, https:\/\/elpueblonoticia.com.ar\/web\/wp-content\/uploads\/2025\/11\/CRONOGRAMA-CIGARROS-Y-PUROS-2-819x1024.jpeg 819w, https:\/\/elpueblonoticia.com.ar\/web\/wp-content\/uploads\/2025\/11\/CRONOGRAMA-CIGARROS-Y-PUROS-2-768x960.jpeg 768w, https:\/\/elpueblonoticia.com.ar\/web\/wp-content\/uploads\/2025\/11\/CRONOGRAMA-CIGARROS-Y-PUROS-2-336x420.jpeg 336w, https:\/\/elpueblonoticia.com.ar\/web\/wp-content\/uploads\/2025\/11\/CRONOGRAMA-CIGARROS-Y-PUROS-2-696x870.jpeg 696w, https:\/\/elpueblonoticia.com.ar\/web\/wp-content\/uploads\/2025\/11\/CRONOGRAMA-CIGARROS-Y-PUROS-2-1068x1335.jpeg 1068w, https:\/\/elpueblonoticia.com.ar\/web\/wp-content\/uploads\/2025\/11\/CRONOGRAMA-CIGARROS-Y-PUROS-2.jpeg 1080w\" sizes=\"auto, (max-width: 240px) 100vw, 240px\" \/><img loading=\"lazy\" decoding=\"async\" class=\"alignnone size-medium wp-image-3810\" src=\"https:\/\/elpueblonoticia.com.ar\/web\/wp-content\/uploads\/2025\/11\/CRONOGRAMA-CIGARROS-Y-PUROS-3-240x300.jpeg\" alt=\"\" width=\"240\" height=\"300\" srcset=\"https:\/\/elpueblonoticia.com.ar\/web\/wp-content\/uploads\/2025\/11\/CRONOGRAMA-CIGARROS-Y-PUROS-3-240x300.jpeg 240w, https:\/\/elpueblonoticia.com.ar\/web\/wp-content\/uploads\/2025\/11\/CRONOGRAMA-CIGARROS-Y-PUROS-3-819x1024.jpeg 819w, https:\/\/elpueblonoticia.com.ar\/web\/wp-content\/uploads\/2025\/11\/CRONOGRAMA-CIGARROS-Y-PUROS-3-768x960.jpeg 768w, https:\/\/elpueblonoticia.com.ar\/web\/wp-content\/uploads\/2025\/11\/CRONOGRAMA-CIGARROS-Y-PUROS-3-336x420.jpeg 336w, https:\/\/elpueblonoticia.com.ar\/web\/wp-content\/uploads\/2025\/11\/CRONOGRAMA-CIGARROS-Y-PUROS-3-696x870.jpeg 696w, https:\/\/elpueblonoticia.com.ar\/web\/wp-content\/uploads\/2025\/11\/CRONOGRAMA-CIGARROS-Y-PUROS-3-1068x1335.jpeg 1068w, https:\/\/elpueblonoticia.com.ar\/web\/wp-content\/uploads\/2025\/11\/CRONOGRAMA-CIGARROS-Y-PUROS-3.jpeg 1080w\" sizes=\"auto, (max-width: 240px) 100vw, 240px\" \/><\/p>\n<p class=\"x_MsoNormal\" data-olk-copy-source=\"MessageBody\">La ciudad de Goya ser\u00e1 nuevamente sede de uno de sus eventos m\u00e1s emblem\u00e1ticos: el XVI Encuentro de Productores y Armadores de Cigarros y Puros, que se desarrollar\u00e1 este jueves 20, viernes 21 y s\u00e1bado 22 de noviembre en el predio Costa Surub\u00ed, con entrada libre y gratuita.<\/p>\n<p class=\"x_MsoNormal\">Durante tres d\u00edas, productores, artesanos, armadores, estudiantes, especialistas y p\u00fablico en general podr\u00e1n disfrutar de concursos, capacitaciones, charlas, exhibiciones, degustaciones y espect\u00e1culos art\u00edsticos que celebran una tradici\u00f3n profundamente arraigada en la identidad goyana.<\/p>\n<p class=\"x_MsoNormal\">El evento contar\u00e1 adem\u00e1s con la presencia destacada de Mercedes Henr\u00edquez, reconocida maestra armadora de Rep\u00fablica Dominicana (INTABACO), quien brindar\u00e1 talleres y compartir\u00e1 su experiencia en el proceso de elaboraci\u00f3n artesanal.<\/p>\n<p class=\"x_MsoNormal\">El encuentro culminar\u00e1 el domingo con una actividad complementaria: una salida desde el Taller de Armadoras (Juan Esteban Mart\u00ednez 50) hacia zonas rurales, donde se realizar\u00e1n visitas a campos, experiencias locales, recorrido hist\u00f3rico y un almuerzo en el municipio de Carolina.<\/p>\n<p class=\"x_MsoNormal\">PROGRAMA COMPLETO<\/p>\n<p class=\"x_MsoNormal\">JUEVES 20 DE NOVIEMBRE \u2013 JORNADA INICIAL<\/p>\n<p class=\"x_MsoNormal\">17:00 \u2013 Concurso de Armadores Coordinaci\u00f3n: Mar\u00eda del Carmen Merlo y Gabriel Leonik<\/p>\n<p class=\"x_MsoNormal\">Dos categor\u00edas:<\/p>\n<p class=\"x_MsoNormal\">Alumnos del curso dictado por la Cooperativa Alma de Tabaco (cigarros y puros)<\/p>\n<p class=\"x_MsoNormal\">Categor\u00eda Libre (cigarros y puros)<\/p>\n<p class=\"x_MsoNormal\">Presencia especial: Mercedes Henr\u00edquez, Maestra Armadora de Rep\u00fablica Dominicana \u2013 INTABACO.<\/p>\n<p class=\"x_MsoNormal\">20:00 \u2013 Cierre del Curso<\/p>\n<p class=\"x_MsoNormal\">Exposici\u00f3n de jurados<\/p>\n<p class=\"x_MsoNormal\">Premiaci\u00f3n a ganadores en todas las categor\u00edas<\/p>\n<p class=\"x_MsoNormal\">Expo-muestra de artesanos<\/p>\n<p class=\"x_MsoNormal\">21:00 \u2013 Cena de camarader\u00eda<\/p>\n<p class=\"x_MsoNormal\">Evaluaci\u00f3n de la jornada junto a participantes y organizadores.<\/p>\n<p class=\"x_MsoNormal\">VIERNES 21 DE NOVIEMBRE \u2013 JORNADA T\u00c9CNICA Y CULTURAL<\/p>\n<p class=\"x_MsoNormal\">08:00 \u2013 Acreditaciones<\/p>\n<p class=\"x_MsoNormal\">08:30 \u2013 Apertura oficial<\/p>\n<p class=\"x_MsoNormal\">Palabras de autoridades.<\/p>\n<p class=\"x_MsoNormal\">09:00 \u2013 Exposici\u00f3n de visitantes<\/p>\n<p class=\"x_MsoNormal\">Presentaciones de productores de: Chicoana (Salta), Coronel Moldes (Salta), Valles de Lerma (Salta), Cooperativa Alma de Tabaco, Grupo Nande Pety<\/p>\n<p class=\"x_MsoNormal\">10:00 \u2013 Refrigerio y caf\u00e9<\/p>\n<p class=\"x_MsoNormal\">10:15 \u2013 Presentaci\u00f3n de Maestra Armadora Mercedes Henr\u00edquez<\/p>\n<p class=\"x_MsoNormal\">Funcionamiento institucional de INTABACO<\/p>\n<p class=\"x_MsoNormal\">Log\u00edstica del taller de armado y expansi\u00f3n en Argentina<\/p>\n<p class=\"x_MsoNormal\">Proceso artesanal del armado del cigarro<\/p>\n<p class=\"x_MsoNormal\">11:30 \u2013 Intercambio de experiencias con el p\u00fablico<\/p>\n<p class=\"x_MsoNormal\">12:00 \u2013 Almuerzo libre<\/p>\n<p class=\"x_MsoNormal\">20:00 \u2013 Noche de Cata y Degustaci\u00f3n<\/p>\n<p class=\"x_MsoNormal\">En el Living Room:<\/p>\n<p class=\"x_MsoNormal\">Cata y degustaci\u00f3n<\/p>\n<p class=\"x_MsoNormal\">Cerveza artesanal y tragos<\/p>\n<p class=\"x_MsoNormal\">Intercambio de obsequios<\/p>\n<p class=\"x_MsoNormal\">Concurso \u201cLa fumata m\u00e1s larga\u201d<\/p>\n<p class=\"x_MsoNormal\">21:00 \u2013 Gala de premiaciones y espect\u00e1culos<\/p>\n<p class=\"x_MsoNormal\">Entrega de certificados del Curso de Armadores<\/p>\n<p class=\"x_MsoNormal\">Elecci\u00f3n de la Reina de la Secretar\u00eda de Turismo<\/p>\n<p class=\"x_MsoNormal\">Presentaci\u00f3n del Ballet<\/p>\n<p class=\"x_MsoNormal\">Actuaci\u00f3n de Los Gauchos Litorale\u00f1os y La Gauchita Cumbiera<\/p>\n<p class=\"x_MsoNormal\">S\u00c1BADO 22 DE NOVIEMBRE \u2013 JORNADA DE CAMPO<\/p>\n<p class=\"x_MsoNormal\">07:30 \u2013 Salida desde el Taller de Armadoras<\/p>\n<p class=\"x_MsoNormal\">Direcci\u00f3n: Juan Esteban Mart\u00ednez N\u00ba 50<\/p>\n<p class=\"x_MsoNormal\">Visita a campos tabacaleros<\/p>\n<p class=\"x_MsoNormal\">Experiencias locales<\/p>\n<p class=\"x_MsoNormal\">Encuentro con productores<\/p>\n<p class=\"x_MsoNormal\">13:00 \u2013 Visita al Municipio de Carolina<\/p>\n<p class=\"x_MsoNormal\">Recorrido hist\u00f3rico y almuerzo de cierre.<\/p>\n","protected":false},"excerpt":{"rendered":"<p>La ciudad de Goya ser\u00e1 nuevamente sede de uno de sus eventos m\u00e1s emblem\u00e1ticos: el XVI Encuentro de Productores y Armadores de Cigarros y Puros, que se desarrollar\u00e1 este jueves 20, viernes 21 y s\u00e1bado 22 de noviembre en el predio Costa Surub\u00ed, con entrada libre y gratuita. Durante tres d\u00edas, productores, artesanos, armadores, estudiantes, [&hellip;]<\/p>\n","protected":false},"author":2,"featured_media":3811,"comment_status":"open","ping_status":"open","sticky":false,"template":"","format":"standard","meta":{"footnotes":""},"categories":[56],"tags":[],"class_list":{"0":"post-3809","1":"post","2":"type-post","3":"status-publish","4":"format-standard","5":"has-post-thumbnail","7":"category-locales"},"_links":{"self":[{"href":"https:\/\/elpueblonoticia.com.ar\/web\/wp-json\/wp\/v2\/posts\/3809","targetHints":{"allow":["GET"]}}],"collection":[{"href":"https:\/\/elpueblonoticia.com.ar\/web\/wp-json\/wp\/v2\/posts"}],"about":[{"href":"https:\/\/elpueblonoticia.com.ar\/web\/wp-json\/wp\/v2\/types\/post"}],"author":[{"embeddable":true,"href":"https:\/\/elpueblonoticia.com.ar\/web\/wp-json\/wp\/v2\/users\/2"}],"replies":[{"embeddable":true,"href":"https:\/\/elpueblonoticia.com.ar\/web\/wp-json\/wp\/v2\/comments?post=3809"}],"version-history":[{"count":1,"href":"https:\/\/elpueblonoticia.com.ar\/web\/wp-json\/wp\/v2\/posts\/3809\/revisions"}],"predecessor-version":[{"id":3813,"href":"https:\/\/elpueblonoticia.com.ar\/web\/wp-json\/wp\/v2\/posts\/3809\/revisions\/3813"}],"wp:featuredmedia":[{"embeddable":true,"href":"https:\/\/elpueblonoticia.com.ar\/web\/wp-json\/wp\/v2\/media\/3811"}],"wp:attachment":[{"href":"https:\/\/elpueblonoticia.com.ar\/web\/wp-json\/wp\/v2\/media?parent=3809"}],"wp:term":[{"taxonomy":"category","embeddable":true,"href":"https:\/\/elpueblonoticia.com.ar\/web\/wp-json\/wp\/v2\/categories?post=3809"},{"taxonomy":"post_tag","embeddable":true,"href":"https:\/\/elpueblonoticia.com.ar\/web\/wp-json\/wp\/v2\/tags?post=3809"}],"curies":[{"name":"wp","href":"https:\/\/api.w.org\/{rel}","templated":true}]}}