{"id":3795,"date":"2025-11-18T09:30:02","date_gmt":"2025-11-18T12:30:02","guid":{"rendered":"https:\/\/elpueblonoticia.com.ar\/web\/?p=3795"},"modified":"2025-11-18T09:30:02","modified_gmt":"2025-11-18T12:30:02","slug":"convocatoria-a-audiencia-publica-presupuesto-plan-de-obras-y-tarifaria-2026","status":"publish","type":"post","link":"https:\/\/elpueblonoticia.com.ar\/web\/2025\/11\/18\/convocatoria-a-audiencia-publica-presupuesto-plan-de-obras-y-tarifaria-2026\/","title":{"rendered":"CONVOCATORIA A AUDIENCIA P\u00daBLICA: PRESUPUESTO, PLAN DE OBRAS Y TARIFARIA 2026"},"content":{"rendered":"<p class=\"x_MsoNormal\" data-olk-copy-source=\"MessageBody\">El HCD de Goya convoca a Audiencia P\u00fablica de Informaci\u00f3n. Estableci\u00e9ndose como plazo de inscripci\u00f3n de los participantes conforme a la Ordenanza N\u00b0 1.432, a partir de la fecha de la presente \u2013 17\/11\/2025 &#8211; y hasta el 24 del corriente en la secretaria del Honorable Concejo Deliberante, sito en el 4\u00b0 piso del edificio municipal en el horario de 8 a 12 horarios.<\/p>\n<p class=\"x_MsoNormal\">La Audiencia P\u00fablica se realizar\u00e1 el mi\u00e9rcoles 26 de noviembre, a las 10.30 horas, para escuchar opiniones sobre los proyectos de Ordenanza del Presupuesto de Recursos y Gastos, el Plan de Obras y la Tarifaria 2026. La inscripci\u00f3n estar\u00e1 abierta hasta el 24 del corriente en la Secretar\u00eda del Cuerpo.<\/p>\n<p class=\"x_MsoNormal\">\u00a0RESOLUCI\u00d3N DE LA PRESIDENCIA N\u00b0 80<\/p>\n<p class=\"x_MsoNormal\">VISTO:<\/p>\n<p class=\"x_MsoNormal\">Lo dispuesto por el art\u00edculo 86 de la Carta Org\u00e1nica Municipal, y los Proyectos de Ordenanzas enviados por el Departamento Ejecutivo Municipal sobre Presupuesto de Recursos y Gastos y Plan de Obras correspondiente al a\u00f1o 2026 y la Tarifaria 2026.<\/p>\n<p class=\"x_MsoNormal\">CONSIDERANDO:<\/p>\n<p class=\"x_MsoNormal\">Que en fecha 12\/11\/2025, se debati\u00f3 en el seno de este Cuerpo, obteniendo la aprobaci\u00f3n, en su primera lectura, el proyecto de Presupuesto de Recursos y Gastos y Plan de Obras de la Municipalidad de Goya A\u00f1o 2026.<\/p>\n<p class=\"x_MsoNormal\">Que con fecha 12\/11\/2025, se debati\u00f3 y se aprob\u00f3 en el seno de este Cuerpo, en su primera lectura, el proyecto de Ordenanza Tarifaria 2026.<\/p>\n<p class=\"x_MsoNormal\">Que, en el mencionado debate, se tuvo en cuenta que entre la primera y segunda lectura estar\u00eda la Audiencia prevista en la Carta Org\u00e1nica Municipal.<\/p>\n<p class=\"x_MsoNormal\">EL PRESIDENTE DEL HONORABLE CONCEJO DELIBERANTE<\/p>\n<p class=\"x_MsoNormal\">RESUELVE:<\/p>\n<p class=\"x_MsoNormal\">ARTICULO 1\u00b0: CONV\u00d3CASE a Audiencia P\u00fablica de Informaci\u00f3n, en los t\u00e9rminos del art\u00edculo 86 de la Carta Org\u00e1nica Municipal, y art\u00edculo 4\u00ba de la Ordenanza N\u00b0 1.432 para el d\u00eda mi\u00e9rcoles 26 de noviembre del corriente a las 10,30 horas, en el Sal\u00f3n de Sesiones del Honorable Concejo Deliberante.<\/p>\n<p class=\"x_MsoNormal\" aria-hidden=\"true\">\n<p class=\"x_MsoNormal\">ART\u00cdCULO 2: EL objeto de la audiencia p\u00fablica informativa convocada por el art\u00edculo 1\u00ba es a efecto de o\u00edr opini\u00f3n sobre los proyectos de Ordenanza sobre Presupuesto de Recursos y Gastos y Plan de Obras correspondiente al a\u00f1o 2026 y Ordenanza Tarifaria 2026.<\/p>\n<p class=\"x_MsoNormal\">ART\u00cdCULO 3\u00b0: ESTABL\u00c9CESE como plazo de inscripci\u00f3n de los participantes conforme a la Ordenanza N\u00b0 1.432, a partir de la fecha de la presente y hasta el 24 del corriente en la secretaria del Honorable Concejo Deliberante, sito en el 4\u00b0 piso del edificio municipal en el horario de 8 a 12 horarios.<\/p>\n<p class=\"x_MsoNormal\">ART\u00cdCULO 4\u00b0: CURSAR invitaci\u00f3n para participar de la Audiencia P\u00fablica, al Sr. Intendente Municipal, Sr. Secretario de Hacienda y Econom\u00eda. +<\/p>\n<p class=\"x_MsoNormal\">ART\u00cdCULO 5\u00b0: EL Departamento Ejecutivo Municipal dar\u00e1 cumplimiento establecido en el art\u00edculo 14 de la Ordenanza N\u00b0 1.432.<\/p>\n<p class=\"x_MsoNormal\">ARTICULO 6\u00b0: NOTIF\u00cdQUESE, reg\u00edstrese, publ\u00edquese, s\u00e1quese copia para quien corresponda y oportunamente ARCH\u00cdVESE.<\/p>\n","protected":false},"excerpt":{"rendered":"<p>El HCD de Goya convoca a Audiencia P\u00fablica de Informaci\u00f3n. Estableci\u00e9ndose como plazo de inscripci\u00f3n de los participantes conforme a la Ordenanza N\u00b0 1.432, a partir de la fecha de la presente \u2013 17\/11\/2025 &#8211; y hasta el 24 del corriente en la secretaria del Honorable Concejo Deliberante, sito en el 4\u00b0 piso del edificio [&hellip;]<\/p>\n","protected":false},"author":2,"featured_media":3796,"comment_status":"open","ping_status":"open","sticky":false,"template":"","format":"standard","meta":{"footnotes":""},"categories":[56],"tags":[],"class_list":{"0":"post-3795","1":"post","2":"type-post","3":"status-publish","4":"format-standard","5":"has-post-thumbnail","7":"category-locales"},"_links":{"self":[{"href":"https:\/\/elpueblonoticia.com.ar\/web\/wp-json\/wp\/v2\/posts\/3795","targetHints":{"allow":["GET"]}}],"collection":[{"href":"https:\/\/elpueblonoticia.com.ar\/web\/wp-json\/wp\/v2\/posts"}],"about":[{"href":"https:\/\/elpueblonoticia.com.ar\/web\/wp-json\/wp\/v2\/types\/post"}],"author":[{"embeddable":true,"href":"https:\/\/elpueblonoticia.com.ar\/web\/wp-json\/wp\/v2\/users\/2"}],"replies":[{"embeddable":true,"href":"https:\/\/elpueblonoticia.com.ar\/web\/wp-json\/wp\/v2\/comments?post=3795"}],"version-history":[{"count":1,"href":"https:\/\/elpueblonoticia.com.ar\/web\/wp-json\/wp\/v2\/posts\/3795\/revisions"}],"predecessor-version":[{"id":3797,"href":"https:\/\/elpueblonoticia.com.ar\/web\/wp-json\/wp\/v2\/posts\/3795\/revisions\/3797"}],"wp:featuredmedia":[{"embeddable":true,"href":"https:\/\/elpueblonoticia.com.ar\/web\/wp-json\/wp\/v2\/media\/3796"}],"wp:attachment":[{"href":"https:\/\/elpueblonoticia.com.ar\/web\/wp-json\/wp\/v2\/media?parent=3795"}],"wp:term":[{"taxonomy":"category","embeddable":true,"href":"https:\/\/elpueblonoticia.com.ar\/web\/wp-json\/wp\/v2\/categories?post=3795"},{"taxonomy":"post_tag","embeddable":true,"href":"https:\/\/elpueblonoticia.com.ar\/web\/wp-json\/wp\/v2\/tags?post=3795"}],"curies":[{"name":"wp","href":"https:\/\/api.w.org\/{rel}","templated":true}]}}