{"id":3782,"date":"2025-11-17T12:31:29","date_gmt":"2025-11-17T15:31:29","guid":{"rendered":"https:\/\/elpueblonoticia.com.ar\/web\/?p=3782"},"modified":"2025-11-17T12:31:29","modified_gmt":"2025-11-17T15:31:29","slug":"prevencion-del-suicidio-en-la-escuela-normal-extension-aulica-puerto-boca","status":"publish","type":"post","link":"https:\/\/elpueblonoticia.com.ar\/web\/2025\/11\/17\/prevencion-del-suicidio-en-la-escuela-normal-extension-aulica-puerto-boca\/","title":{"rendered":"PREVENCI\u00d3N DEL SUICIDIO EN LA ESCUELA NORMAL EXTENSI\u00d3N A\u00daLICA PUERTO BOCA"},"content":{"rendered":"<p data-olk-copy-source=\"MessageBody\"><img loading=\"lazy\" decoding=\"async\" class=\"alignnone size-medium wp-image-3784\" src=\"https:\/\/elpueblonoticia.com.ar\/web\/wp-content\/uploads\/2025\/11\/salud-mental-2-300x225.jpeg\" alt=\"\" width=\"300\" height=\"225\" srcset=\"https:\/\/elpueblonoticia.com.ar\/web\/wp-content\/uploads\/2025\/11\/salud-mental-2-300x225.jpeg 300w, https:\/\/elpueblonoticia.com.ar\/web\/wp-content\/uploads\/2025\/11\/salud-mental-2-1024x768.jpeg 1024w, https:\/\/elpueblonoticia.com.ar\/web\/wp-content\/uploads\/2025\/11\/salud-mental-2-768x576.jpeg 768w, https:\/\/elpueblonoticia.com.ar\/web\/wp-content\/uploads\/2025\/11\/salud-mental-2-560x420.jpeg 560w, https:\/\/elpueblonoticia.com.ar\/web\/wp-content\/uploads\/2025\/11\/salud-mental-2-80x60.jpeg 80w, https:\/\/elpueblonoticia.com.ar\/web\/wp-content\/uploads\/2025\/11\/salud-mental-2-696x522.jpeg 696w, https:\/\/elpueblonoticia.com.ar\/web\/wp-content\/uploads\/2025\/11\/salud-mental-2-1068x801.jpeg 1068w, https:\/\/elpueblonoticia.com.ar\/web\/wp-content\/uploads\/2025\/11\/salud-mental-2-265x198.jpeg 265w, https:\/\/elpueblonoticia.com.ar\/web\/wp-content\/uploads\/2025\/11\/salud-mental-2.jpeg 1280w\" sizes=\"auto, (max-width: 300px) 100vw, 300px\" \/><img loading=\"lazy\" decoding=\"async\" class=\"alignnone size-medium wp-image-3785\" src=\"https:\/\/elpueblonoticia.com.ar\/web\/wp-content\/uploads\/2025\/11\/salud-mental-3-300x225.jpeg\" alt=\"\" width=\"300\" height=\"225\" srcset=\"https:\/\/elpueblonoticia.com.ar\/web\/wp-content\/uploads\/2025\/11\/salud-mental-3-300x225.jpeg 300w, https:\/\/elpueblonoticia.com.ar\/web\/wp-content\/uploads\/2025\/11\/salud-mental-3-1024x768.jpeg 1024w, https:\/\/elpueblonoticia.com.ar\/web\/wp-content\/uploads\/2025\/11\/salud-mental-3-768x576.jpeg 768w, https:\/\/elpueblonoticia.com.ar\/web\/wp-content\/uploads\/2025\/11\/salud-mental-3-560x420.jpeg 560w, https:\/\/elpueblonoticia.com.ar\/web\/wp-content\/uploads\/2025\/11\/salud-mental-3-80x60.jpeg 80w, https:\/\/elpueblonoticia.com.ar\/web\/wp-content\/uploads\/2025\/11\/salud-mental-3-696x522.jpeg 696w, https:\/\/elpueblonoticia.com.ar\/web\/wp-content\/uploads\/2025\/11\/salud-mental-3-1068x801.jpeg 1068w, https:\/\/elpueblonoticia.com.ar\/web\/wp-content\/uploads\/2025\/11\/salud-mental-3-265x198.jpeg 265w, https:\/\/elpueblonoticia.com.ar\/web\/wp-content\/uploads\/2025\/11\/salud-mental-3.jpeg 1280w\" sizes=\"auto, (max-width: 300px) 100vw, 300px\" \/><img loading=\"lazy\" decoding=\"async\" class=\"alignnone size-medium wp-image-3786\" src=\"https:\/\/elpueblonoticia.com.ar\/web\/wp-content\/uploads\/2025\/11\/salud-mental-4-300x225.jpeg\" alt=\"\" width=\"300\" height=\"225\" srcset=\"https:\/\/elpueblonoticia.com.ar\/web\/wp-content\/uploads\/2025\/11\/salud-mental-4-300x225.jpeg 300w, https:\/\/elpueblonoticia.com.ar\/web\/wp-content\/uploads\/2025\/11\/salud-mental-4-1024x768.jpeg 1024w, https:\/\/elpueblonoticia.com.ar\/web\/wp-content\/uploads\/2025\/11\/salud-mental-4-768x576.jpeg 768w, https:\/\/elpueblonoticia.com.ar\/web\/wp-content\/uploads\/2025\/11\/salud-mental-4-560x420.jpeg 560w, https:\/\/elpueblonoticia.com.ar\/web\/wp-content\/uploads\/2025\/11\/salud-mental-4-80x60.jpeg 80w, https:\/\/elpueblonoticia.com.ar\/web\/wp-content\/uploads\/2025\/11\/salud-mental-4-696x522.jpeg 696w, https:\/\/elpueblonoticia.com.ar\/web\/wp-content\/uploads\/2025\/11\/salud-mental-4-1068x801.jpeg 1068w, https:\/\/elpueblonoticia.com.ar\/web\/wp-content\/uploads\/2025\/11\/salud-mental-4-265x198.jpeg 265w, https:\/\/elpueblonoticia.com.ar\/web\/wp-content\/uploads\/2025\/11\/salud-mental-4.jpeg 1280w\" sizes=\"auto, (max-width: 300px) 100vw, 300px\" \/><img loading=\"lazy\" decoding=\"async\" class=\"alignnone size-medium wp-image-3788\" src=\"https:\/\/elpueblonoticia.com.ar\/web\/wp-content\/uploads\/2025\/11\/salud-mental-5-300x225.jpeg\" alt=\"\" width=\"300\" height=\"225\" srcset=\"https:\/\/elpueblonoticia.com.ar\/web\/wp-content\/uploads\/2025\/11\/salud-mental-5-300x225.jpeg 300w, https:\/\/elpueblonoticia.com.ar\/web\/wp-content\/uploads\/2025\/11\/salud-mental-5-1024x768.jpeg 1024w, https:\/\/elpueblonoticia.com.ar\/web\/wp-content\/uploads\/2025\/11\/salud-mental-5-768x576.jpeg 768w, https:\/\/elpueblonoticia.com.ar\/web\/wp-content\/uploads\/2025\/11\/salud-mental-5-560x420.jpeg 560w, https:\/\/elpueblonoticia.com.ar\/web\/wp-content\/uploads\/2025\/11\/salud-mental-5-80x60.jpeg 80w, https:\/\/elpueblonoticia.com.ar\/web\/wp-content\/uploads\/2025\/11\/salud-mental-5-696x522.jpeg 696w, https:\/\/elpueblonoticia.com.ar\/web\/wp-content\/uploads\/2025\/11\/salud-mental-5-1068x801.jpeg 1068w, https:\/\/elpueblonoticia.com.ar\/web\/wp-content\/uploads\/2025\/11\/salud-mental-5-265x198.jpeg 265w, https:\/\/elpueblonoticia.com.ar\/web\/wp-content\/uploads\/2025\/11\/salud-mental-5.jpeg 1280w\" sizes=\"auto, (max-width: 300px) 100vw, 300px\" \/><img loading=\"lazy\" decoding=\"async\" class=\"alignnone size-medium wp-image-3789\" src=\"https:\/\/elpueblonoticia.com.ar\/web\/wp-content\/uploads\/2025\/11\/salud-mental-6-300x225.jpeg\" alt=\"\" width=\"300\" height=\"225\" srcset=\"https:\/\/elpueblonoticia.com.ar\/web\/wp-content\/uploads\/2025\/11\/salud-mental-6-300x225.jpeg 300w, https:\/\/elpueblonoticia.com.ar\/web\/wp-content\/uploads\/2025\/11\/salud-mental-6-1024x768.jpeg 1024w, https:\/\/elpueblonoticia.com.ar\/web\/wp-content\/uploads\/2025\/11\/salud-mental-6-768x576.jpeg 768w, https:\/\/elpueblonoticia.com.ar\/web\/wp-content\/uploads\/2025\/11\/salud-mental-6-560x420.jpeg 560w, https:\/\/elpueblonoticia.com.ar\/web\/wp-content\/uploads\/2025\/11\/salud-mental-6-80x60.jpeg 80w, https:\/\/elpueblonoticia.com.ar\/web\/wp-content\/uploads\/2025\/11\/salud-mental-6-696x522.jpeg 696w, https:\/\/elpueblonoticia.com.ar\/web\/wp-content\/uploads\/2025\/11\/salud-mental-6-1068x801.jpeg 1068w, https:\/\/elpueblonoticia.com.ar\/web\/wp-content\/uploads\/2025\/11\/salud-mental-6-265x198.jpeg 265w, https:\/\/elpueblonoticia.com.ar\/web\/wp-content\/uploads\/2025\/11\/salud-mental-6.jpeg 1280w\" sizes=\"auto, (max-width: 300px) 100vw, 300px\" \/><img loading=\"lazy\" decoding=\"async\" class=\"alignnone size-medium wp-image-3790\" src=\"https:\/\/elpueblonoticia.com.ar\/web\/wp-content\/uploads\/2025\/11\/salud-mental-7-300x225.jpeg\" alt=\"\" width=\"300\" height=\"225\" srcset=\"https:\/\/elpueblonoticia.com.ar\/web\/wp-content\/uploads\/2025\/11\/salud-mental-7-300x225.jpeg 300w, https:\/\/elpueblonoticia.com.ar\/web\/wp-content\/uploads\/2025\/11\/salud-mental-7-1024x768.jpeg 1024w, https:\/\/elpueblonoticia.com.ar\/web\/wp-content\/uploads\/2025\/11\/salud-mental-7-768x576.jpeg 768w, https:\/\/elpueblonoticia.com.ar\/web\/wp-content\/uploads\/2025\/11\/salud-mental-7-560x420.jpeg 560w, https:\/\/elpueblonoticia.com.ar\/web\/wp-content\/uploads\/2025\/11\/salud-mental-7-80x60.jpeg 80w, https:\/\/elpueblonoticia.com.ar\/web\/wp-content\/uploads\/2025\/11\/salud-mental-7-696x522.jpeg 696w, https:\/\/elpueblonoticia.com.ar\/web\/wp-content\/uploads\/2025\/11\/salud-mental-7-1068x801.jpeg 1068w, https:\/\/elpueblonoticia.com.ar\/web\/wp-content\/uploads\/2025\/11\/salud-mental-7-265x198.jpeg 265w, https:\/\/elpueblonoticia.com.ar\/web\/wp-content\/uploads\/2025\/11\/salud-mental-7.jpeg 1280w\" sizes=\"auto, (max-width: 300px) 100vw, 300px\" \/><\/p>\n<p class=\"x_MsoNormal\" data-olk-copy-source=\"MessageBody\">Con el objetivo de fortalecer las herramientas de prevenci\u00f3n del suicidio en el \u00e1mbito educativo, la Escuela Normal Extensi\u00f3n A\u00falica Puerto Boca fue sede de un significativo taller titulado &#8220;Escuchar es Acompa\u00f1ar&#8221;. La jornada, que tuvo lugar el jueves 13 de noviembre por la tarde, reuni\u00f3 a alumnos y docentes en un espacio de di\u00e1logo y reflexi\u00f3n liderado por la Lic. Sabrina Coronel y el psic\u00f3logo Rodrigo Giordano.<\/p>\n<p class=\"x_MsoNormal\">\u00a0El taller se centr\u00f3 en la premisa de que la escucha activa y la empat\u00eda son fundamentales para detectar y apoyar a quienes puedan estar atravesando momentos de crisis. Los participantes exploraron estrategias para crear un ambiente de confianza y contenci\u00f3n, donde los j\u00f3venes se sientan seguros para expresar sus emociones y buscar ayuda.<\/p>\n<p class=\"x_MsoNormal\">\u00a0&#8220;Aprender a escuchar sin juzgar, a validar los sentimientos de los dem\u00e1s y a ofrecer un apoyo genuino puede marcar la diferencia en la vida de alguien&#8221;, destac\u00f3 la Lic. Coronel durante el taller. &#8220;Escuchar es acompa\u00f1ar es mucho m\u00e1s que o\u00edr palabras; es conectar con el otro desde el coraz\u00f3n y ofrecerle un espacio seguro donde pueda ser escuchado y comprendido&#8221;.<\/p>\n<p class=\"x_MsoNormal\">\u00a0La Lic. Sabrina Coronel, Directora de Salud Mental, subray\u00f3 la importancia de continuar impulsando iniciativas que promuevan la salud mental y el bienestar en la comunidad educativa, reafirmando su compromiso de seguir trabajando en la construcci\u00f3n de un entorno donde la escucha y el acompa\u00f1amiento sean pilares fundamentales para la prevenci\u00f3n del suicidio.<\/p>\n","protected":false},"excerpt":{"rendered":"<p>Con el objetivo de fortalecer las herramientas de prevenci\u00f3n del suicidio en el \u00e1mbito educativo, la Escuela Normal Extensi\u00f3n A\u00falica Puerto Boca fue sede de un significativo taller titulado &#8220;Escuchar es Acompa\u00f1ar&#8221;. La jornada, que tuvo lugar el jueves 13 de noviembre por la tarde, reuni\u00f3 a alumnos y docentes en un espacio de di\u00e1logo [&hellip;]<\/p>\n","protected":false},"author":2,"featured_media":3783,"comment_status":"open","ping_status":"open","sticky":false,"template":"","format":"standard","meta":{"footnotes":""},"categories":[56],"tags":[],"class_list":{"0":"post-3782","1":"post","2":"type-post","3":"status-publish","4":"format-standard","5":"has-post-thumbnail","7":"category-locales"},"_links":{"self":[{"href":"https:\/\/elpueblonoticia.com.ar\/web\/wp-json\/wp\/v2\/posts\/3782","targetHints":{"allow":["GET"]}}],"collection":[{"href":"https:\/\/elpueblonoticia.com.ar\/web\/wp-json\/wp\/v2\/posts"}],"about":[{"href":"https:\/\/elpueblonoticia.com.ar\/web\/wp-json\/wp\/v2\/types\/post"}],"author":[{"embeddable":true,"href":"https:\/\/elpueblonoticia.com.ar\/web\/wp-json\/wp\/v2\/users\/2"}],"replies":[{"embeddable":true,"href":"https:\/\/elpueblonoticia.com.ar\/web\/wp-json\/wp\/v2\/comments?post=3782"}],"version-history":[{"count":1,"href":"https:\/\/elpueblonoticia.com.ar\/web\/wp-json\/wp\/v2\/posts\/3782\/revisions"}],"predecessor-version":[{"id":3791,"href":"https:\/\/elpueblonoticia.com.ar\/web\/wp-json\/wp\/v2\/posts\/3782\/revisions\/3791"}],"wp:featuredmedia":[{"embeddable":true,"href":"https:\/\/elpueblonoticia.com.ar\/web\/wp-json\/wp\/v2\/media\/3783"}],"wp:attachment":[{"href":"https:\/\/elpueblonoticia.com.ar\/web\/wp-json\/wp\/v2\/media?parent=3782"}],"wp:term":[{"taxonomy":"category","embeddable":true,"href":"https:\/\/elpueblonoticia.com.ar\/web\/wp-json\/wp\/v2\/categories?post=3782"},{"taxonomy":"post_tag","embeddable":true,"href":"https:\/\/elpueblonoticia.com.ar\/web\/wp-json\/wp\/v2\/tags?post=3782"}],"curies":[{"name":"wp","href":"https:\/\/api.w.org\/{rel}","templated":true}]}}