{"id":3773,"date":"2025-11-17T11:36:11","date_gmt":"2025-11-17T14:36:11","guid":{"rendered":"https:\/\/elpueblonoticia.com.ar\/web\/?p=3773"},"modified":"2025-11-17T11:36:11","modified_gmt":"2025-11-17T14:36:11","slug":"movilizacion-por-pedido-de-justicia-para-andres-bartlett","status":"publish","type":"post","link":"https:\/\/elpueblonoticia.com.ar\/web\/2025\/11\/17\/movilizacion-por-pedido-de-justicia-para-andres-bartlett\/","title":{"rendered":"Movilizaci\u00f3n por pedido de justicia para Andr\u00e9s Bartlett"},"content":{"rendered":"<p>\u201cAl cumplirse un a\u00f1o del brutal asesinato de Andr\u00e9s, los familiares y amigos te invitamos a una movilizaci\u00f3n pac\u00edfica para pedir justicia y para que nunca m\u00e1s vuelva a suceder nada similar\u201d, dice la convocatoria hecha por la familia del joven muerto en un violento operativo policial en la madrugada del 17 de noviembre de 2024. La concentraci\u00f3n ser\u00e1 a las 20 horas en avenida Rol\u00f3n y Neustadt desde donde partir\u00e1 una caravana que recorrer\u00e1 distintos sectores de la ciudad.<\/p>\n<p>Una movilizaci\u00f3n pac\u00edfica para pedir justicia por Andr\u00e9s Bartlett fue convocada para este lunes, a las 20 horas, por los familiares y amigos del joven muerto en un operativo policial en la madrugada del 17 de noviembre de 2024.<\/p>\n<p>La concentraci\u00f3n ser\u00e1 a la hora 20 en la intersecci\u00f3n de las avenidas J. J. Rol\u00f3n y Neustadt, y se invita a participar a la ciudadan\u00eda en general. \u201cEsperamos tu acompa\u00f1amiento\u201d, reza la convocatoria.<\/p>\n<p>\u201cVen\u00ed en tu auto, camioneta, moto o bicicleta. Juntos vamos a recorrer Rol\u00f3n, Madariaga, Pago Largo, Paso de Los Libres, Primeros Concejales, Col\u00f3n, Per\u00f3n hasta Alberdi\u201d, dice la invitaci\u00f3n que circula en redes sociales. Al t\u00e9rmino de la misma, familiares, amigos y todos los que quieran, participar\u00e1n de una misa en memoria de Andr\u00e9s Bartlett que se oficiar\u00e1 en la parroquia \u201cNuestra Sra. de Itat\u00ed\u201d.<\/p>\n<p>El hecho que acab\u00f3 con la vida del joven padre conmocion\u00f3 a la comunidad de Goya y tuvo una fuerte repercusi\u00f3n nacional al viralizarse por las redes sociales videos que mostraban primero, como una camioneta de la Polic\u00eda de la Provincia lo embest\u00eda en varias oportunidades, y tambi\u00e9n como, los efectivos de seguridad, le provocan la muerte asfixi\u00e1ndolo, seg\u00fan los familiares.<\/p>\n<p>\u201cEllos lo esposaron con las manos hacia atr\u00e1s, lo aplastaron contra el piso. Como Andr\u00e9s segu\u00eda intentando poder reponerse, se le sube encima, (un polic\u00eda) le aprieta con la rodilla y a su vez le aprieta la cabeza hacia abajo y con esa t\u00e9cnica lo termina asfixiando. Clarito se ve en el video\u201d, hab\u00eda manifestado entonces a la prensa, Viviana Refojos, madre de la v\u00edctima.<\/p>\n<p>El hecho esta caratulado como \u201chomicidio agravado\u201d y se encuentran imputados dos suboficiales que prestaban servicio en la Comisar\u00eda 1ra de Goya. La familia solicit\u00f3 que en la causa sea imputada tambi\u00e9n una oficial que habr\u00eda tenido responsabilidad en el resultado fatal.-<\/p>\n","protected":false},"excerpt":{"rendered":"<p>\u201cAl cumplirse un a\u00f1o del brutal asesinato de Andr\u00e9s, los familiares y amigos te invitamos a una movilizaci\u00f3n pac\u00edfica para pedir justicia y para que nunca m\u00e1s vuelva a suceder nada similar\u201d, dice la convocatoria hecha por la familia del joven muerto en un violento operativo policial en la madrugada del 17 de noviembre de [&hellip;]<\/p>\n","protected":false},"author":2,"featured_media":3774,"comment_status":"open","ping_status":"open","sticky":false,"template":"","format":"standard","meta":{"footnotes":""},"categories":[68],"tags":[],"class_list":{"0":"post-3773","1":"post","2":"type-post","3":"status-publish","4":"format-standard","5":"has-post-thumbnail","7":"category-policiales-nacionales"},"_links":{"self":[{"href":"https:\/\/elpueblonoticia.com.ar\/web\/wp-json\/wp\/v2\/posts\/3773","targetHints":{"allow":["GET"]}}],"collection":[{"href":"https:\/\/elpueblonoticia.com.ar\/web\/wp-json\/wp\/v2\/posts"}],"about":[{"href":"https:\/\/elpueblonoticia.com.ar\/web\/wp-json\/wp\/v2\/types\/post"}],"author":[{"embeddable":true,"href":"https:\/\/elpueblonoticia.com.ar\/web\/wp-json\/wp\/v2\/users\/2"}],"replies":[{"embeddable":true,"href":"https:\/\/elpueblonoticia.com.ar\/web\/wp-json\/wp\/v2\/comments?post=3773"}],"version-history":[{"count":1,"href":"https:\/\/elpueblonoticia.com.ar\/web\/wp-json\/wp\/v2\/posts\/3773\/revisions"}],"predecessor-version":[{"id":3775,"href":"https:\/\/elpueblonoticia.com.ar\/web\/wp-json\/wp\/v2\/posts\/3773\/revisions\/3775"}],"wp:featuredmedia":[{"embeddable":true,"href":"https:\/\/elpueblonoticia.com.ar\/web\/wp-json\/wp\/v2\/media\/3774"}],"wp:attachment":[{"href":"https:\/\/elpueblonoticia.com.ar\/web\/wp-json\/wp\/v2\/media?parent=3773"}],"wp:term":[{"taxonomy":"category","embeddable":true,"href":"https:\/\/elpueblonoticia.com.ar\/web\/wp-json\/wp\/v2\/categories?post=3773"},{"taxonomy":"post_tag","embeddable":true,"href":"https:\/\/elpueblonoticia.com.ar\/web\/wp-json\/wp\/v2\/tags?post=3773"}],"curies":[{"name":"wp","href":"https:\/\/api.w.org\/{rel}","templated":true}]}}