{"id":3769,"date":"2025-11-17T09:35:52","date_gmt":"2025-11-17T12:35:52","guid":{"rendered":"https:\/\/elpueblonoticia.com.ar\/web\/?p=3769"},"modified":"2025-11-17T09:35:52","modified_gmt":"2025-11-17T12:35:52","slug":"desde-que-asumio-javier-milei-se-perdieron-276-000-puestos-de-trabajo-registrados-y-cerraron-casi-30-empresas-por-dia","status":"publish","type":"post","link":"https:\/\/elpueblonoticia.com.ar\/web\/2025\/11\/17\/desde-que-asumio-javier-milei-se-perdieron-276-000-puestos-de-trabajo-registrados-y-cerraron-casi-30-empresas-por-dia\/","title":{"rendered":"Desde que asumi\u00f3 Javier Milei, se perdieron 276.000 puestos de trabajo registrados y cerraron casi 30 empresas por d\u00eda"},"content":{"rendered":"<p>Entre noviembre de 2023 y agosto de 2025, el empleo en unidades productivas cay\u00f3 2,81% y el n\u00famero de empleadores se redujo 3,7%. Los sectores m\u00e1s golpeados fueron administraci\u00f3n p\u00fablica, construcci\u00f3n, transporte e industria.<\/p>\n<div>La cantidad de trabajadores registrados en unidades productivas retrocedi\u00f3 en 276.624 puestos entre noviembre de 2023 y agosto de 2025, seg\u00fan un informe del Centro de Econom\u00eda Pol\u00edtica Argentina (CEPA).<\/div>\n<div>\n<div><\/div>\n<div>De este modo, desde la asunci\u00f3n del presidente Javier Milei, el empleo formal cay\u00f3 2,81%, lo que equivale a m\u00e1s de 432 puestos menos por d\u00eda, pasando de 9.857.173 a 9.580.549 trabajadores.<\/div>\n<\/div>\n","protected":false},"excerpt":{"rendered":"<p>Entre noviembre de 2023 y agosto de 2025, el empleo en unidades productivas cay\u00f3 2,81% y el n\u00famero de empleadores se redujo 3,7%. Los sectores m\u00e1s golpeados fueron administraci\u00f3n p\u00fablica, construcci\u00f3n, transporte e industria. La cantidad de trabajadores registrados en unidades productivas retrocedi\u00f3 en 276.624 puestos entre noviembre de 2023 y agosto de 2025, seg\u00fan [&hellip;]<\/p>\n","protected":false},"author":2,"featured_media":3770,"comment_status":"open","ping_status":"open","sticky":false,"template":"","format":"standard","meta":{"footnotes":""},"categories":[65],"tags":[],"class_list":{"0":"post-3769","1":"post","2":"type-post","3":"status-publish","4":"format-standard","5":"has-post-thumbnail","7":"category-economia"},"_links":{"self":[{"href":"https:\/\/elpueblonoticia.com.ar\/web\/wp-json\/wp\/v2\/posts\/3769","targetHints":{"allow":["GET"]}}],"collection":[{"href":"https:\/\/elpueblonoticia.com.ar\/web\/wp-json\/wp\/v2\/posts"}],"about":[{"href":"https:\/\/elpueblonoticia.com.ar\/web\/wp-json\/wp\/v2\/types\/post"}],"author":[{"embeddable":true,"href":"https:\/\/elpueblonoticia.com.ar\/web\/wp-json\/wp\/v2\/users\/2"}],"replies":[{"embeddable":true,"href":"https:\/\/elpueblonoticia.com.ar\/web\/wp-json\/wp\/v2\/comments?post=3769"}],"version-history":[{"count":1,"href":"https:\/\/elpueblonoticia.com.ar\/web\/wp-json\/wp\/v2\/posts\/3769\/revisions"}],"predecessor-version":[{"id":3771,"href":"https:\/\/elpueblonoticia.com.ar\/web\/wp-json\/wp\/v2\/posts\/3769\/revisions\/3771"}],"wp:featuredmedia":[{"embeddable":true,"href":"https:\/\/elpueblonoticia.com.ar\/web\/wp-json\/wp\/v2\/media\/3770"}],"wp:attachment":[{"href":"https:\/\/elpueblonoticia.com.ar\/web\/wp-json\/wp\/v2\/media?parent=3769"}],"wp:term":[{"taxonomy":"category","embeddable":true,"href":"https:\/\/elpueblonoticia.com.ar\/web\/wp-json\/wp\/v2\/categories?post=3769"},{"taxonomy":"post_tag","embeddable":true,"href":"https:\/\/elpueblonoticia.com.ar\/web\/wp-json\/wp\/v2\/tags?post=3769"}],"curies":[{"name":"wp","href":"https:\/\/api.w.org\/{rel}","templated":true}]}}