{"id":3757,"date":"2025-11-17T09:08:59","date_gmt":"2025-11-17T12:08:59","guid":{"rendered":"https:\/\/elpueblonoticia.com.ar\/web\/?p=3757"},"modified":"2025-11-17T09:08:59","modified_gmt":"2025-11-17T12:08:59","slug":"basquet-formativo-el-sabado-atletico-saladas-se-llevo-tres-de-los-cuatro-juegos","status":"publish","type":"post","link":"https:\/\/elpueblonoticia.com.ar\/web\/2025\/11\/17\/basquet-formativo-el-sabado-atletico-saladas-se-llevo-tres-de-los-cuatro-juegos\/","title":{"rendered":"B\u00e1squet formativo: El s\u00e1bado, Atl\u00e9tico Saladas se llev\u00f3 tres de los cuatro juegos"},"content":{"rendered":"<div id=\"modalIntrotext\">\n<div><img decoding=\"async\" src=\"https:\/\/www.powernoticias.com\/images\/202511162356048344\" \/><\/div>\n<div>El s\u00e1bado 15, en Uni\u00f3n, triunfo de Atl\u00e9tico Saladas en las categor\u00edas U13, U15 y U19. Uni\u00f3n gan\u00f3 en U17. Este lunes 17, en cancha de Juventud Unida, juegan los U11.<\/div>\n<div><\/div>\n<\/div>\n<div>El Torneo Oficial &#8220;90 Aniversario&#8221; de las categor\u00edas formativas organizado por la Asociaci\u00f3n Goyana de B\u00e1squet, contin\u00faa seg\u00fan la programaci\u00f3n prevista. El s\u00e1bado 15, los cotejos tuvieron por escenario las instalaciones del club Uni\u00f3n.<\/p>\n<p>RESUMEN.<\/p>\n<p>U13 &#8211; UNION 53 &#8211; ATLETICO SALADAS 74. Parciales: 16\/14 &#8211; 13\/29 &#8211; 13\/10 &#8211; 11\/21<\/p>\n<p>UNI\u00d3N: Alan Vallejos 6, Tom\u00e1s Holtz 2, Lisandro Romero 4, Brian Jara 1, Franco Montenegro 6, Santiago Canteros 8, Manuel Moreira 10, Juli\u00e1n Mart\u00ednez 8, Elian de los Santos 4, Yamil Leiva 2, Bastian Jara 2. D.T. Diego Lemos<\/p>\n<p>ATLETICO SALADAS:: Jonas Saucedo 3, Burna Tabare 2, Mathias de Franceschi 2, Ciro Pucciarello 6, Dylan Souto 3, Isaias Pereyra 9, Lucas Cardozo 9, Santino Francini 32, M\u00e1ximo Ver\u00f3n 2, Jonas Fern\u00e1ndez 4, Benjam\u00edn Ayala 2. D.R. Gonzalo Spikerman<\/p>\n<p>U15 &#8211; UNI\u00d3N 37 &#8211; ATLETICO ROJO 63. Parciales: 07\/22 &#8211; 11\/03 &#8211; 13\/21 &#8211; 06\/17<\/p>\n<p>UNI\u00d3N: Manuel Ramos 2, Joaqu\u00edn Wagner 3, Thiago Borzatto 4, Lautaro Melini 9, Mat\u00edas Vicent\u00edn 6, Ignacio Basualdo 9. D.T. Diego Lemos<\/p>\n<p>ATLETICO R.: Valentino Barrios 3, M\u00e1ximo Fern\u00e1ndez 2, Ulises Altamirano 15, Juan Vera 5, Imanol Cuevas 5, Valentin Galarza 9, Dylan Benitez 24. D.T. Gonzalo Spikerman<\/p>\n<p>U17 &#8211; UNI\u00d3N 66 &#8211; ATLETICO SALADAS 62. Parciales: 11\/20 &#8211; 19\/18 &#8211; 16\/13 &#8211; 20\/11<\/p>\n<p>UNI\u00d3N: Benjam\u00edn Meza 2, Leandro Gonzalez 4, Tom\u00e1s Arg\u00fcello 11, Juan Stacciuoli 3, Rodrigo Sandre 10, Juli\u00e1n P\u00e9rez 5, Tom\u00e1s Lezcano 22, Renzo Valente 7. D.T. Agust\u00edn Rojas.<\/p>\n<p>ATLETICO: Juli\u00e1n Gonz\u00e1lez 7, Hervin Grand 10, Jorge Vallejos 6, Ulises Altamirano 4, Tiago Niz 2, Javier Luque 21, Gonzalo Gauna 6, Enzo Ledezma 6. D.R. Iv\u00e1n Bola\u00f1o.<\/p>\n<p>U19 &#8211; UNION 58 &#8211; ATLETICO SALADAS 63. Parciales: 17\/16 &#8211; 13\/16 &#8211; 10\/11 &#8211; 18\/21<\/p>\n<p>UNION: Benjam\u00edn D\u00edaz 5, Lisandro Gonz\u00e1lez 2, Tom\u00e1s Arg\u00fcello 2, Juan Baldi 10, Tom\u00e1s Lezcano 13, Franco Sotelo 18. D.T. Agust\u00edn Rojas<\/p>\n<p>ATLETICO: Juli\u00e1n Gonz\u00e1lez 2, Hervin Grand 7, Luca Esp\u00edndola 19, Tob\u00edas Ben\u00edtez 2, Gonzalo Ga\u00fana 5, Juan Cardozo 2, Bautista Fern\u00e1ndez 11, Alexis Azcona 7, Javier Luque 5, Enzo Borget 3. D.T. Iv\u00e1n Bola\u00f1o.<\/p>\n<p>PROGRAMACI\u00d3N LUNES 17.11.25<\/p>\n<p>Cancha JUVENTUD UNIDA &#8211; 20.15 horas &#8211; Categor\u00eda U11<\/p>\n<p>UNI\u00d3N FEMENINO vs. AMAD<br \/>\nJUVENTUD UNIDA vs. UNION MASCULINO<\/p>\n<p>Prensa AGDB.<br \/>\nImagen Archivo Nitta Mart\u00ednez<\/p><\/div>\n","protected":false},"excerpt":{"rendered":"<p>El s\u00e1bado 15, en Uni\u00f3n, triunfo de Atl\u00e9tico Saladas en las categor\u00edas U13, U15 y U19. Uni\u00f3n gan\u00f3 en U17. Este lunes 17, en cancha de Juventud Unida, juegan los U11. El Torneo Oficial &#8220;90 Aniversario&#8221; de las categor\u00edas formativas organizado por la Asociaci\u00f3n Goyana de B\u00e1squet, contin\u00faa seg\u00fan la programaci\u00f3n prevista. El s\u00e1bado 15, [&hellip;]<\/p>\n","protected":false},"author":2,"featured_media":3758,"comment_status":"open","ping_status":"open","sticky":false,"template":"","format":"standard","meta":{"footnotes":""},"categories":[76],"tags":[],"class_list":{"0":"post-3757","1":"post","2":"type-post","3":"status-publish","4":"format-standard","5":"has-post-thumbnail","7":"category-deportes"},"_links":{"self":[{"href":"https:\/\/elpueblonoticia.com.ar\/web\/wp-json\/wp\/v2\/posts\/3757","targetHints":{"allow":["GET"]}}],"collection":[{"href":"https:\/\/elpueblonoticia.com.ar\/web\/wp-json\/wp\/v2\/posts"}],"about":[{"href":"https:\/\/elpueblonoticia.com.ar\/web\/wp-json\/wp\/v2\/types\/post"}],"author":[{"embeddable":true,"href":"https:\/\/elpueblonoticia.com.ar\/web\/wp-json\/wp\/v2\/users\/2"}],"replies":[{"embeddable":true,"href":"https:\/\/elpueblonoticia.com.ar\/web\/wp-json\/wp\/v2\/comments?post=3757"}],"version-history":[{"count":1,"href":"https:\/\/elpueblonoticia.com.ar\/web\/wp-json\/wp\/v2\/posts\/3757\/revisions"}],"predecessor-version":[{"id":3759,"href":"https:\/\/elpueblonoticia.com.ar\/web\/wp-json\/wp\/v2\/posts\/3757\/revisions\/3759"}],"wp:featuredmedia":[{"embeddable":true,"href":"https:\/\/elpueblonoticia.com.ar\/web\/wp-json\/wp\/v2\/media\/3758"}],"wp:attachment":[{"href":"https:\/\/elpueblonoticia.com.ar\/web\/wp-json\/wp\/v2\/media?parent=3757"}],"wp:term":[{"taxonomy":"category","embeddable":true,"href":"https:\/\/elpueblonoticia.com.ar\/web\/wp-json\/wp\/v2\/categories?post=3757"},{"taxonomy":"post_tag","embeddable":true,"href":"https:\/\/elpueblonoticia.com.ar\/web\/wp-json\/wp\/v2\/tags?post=3757"}],"curies":[{"name":"wp","href":"https:\/\/api.w.org\/{rel}","templated":true}]}}