{"id":3749,"date":"2025-11-17T08:43:43","date_gmt":"2025-11-17T11:43:43","guid":{"rendered":"https:\/\/elpueblonoticia.com.ar\/web\/?p=3749"},"modified":"2025-11-17T08:43:43","modified_gmt":"2025-11-17T11:43:43","slug":"tendencia-que-se-pronuncio-en-2024-con-la-motosierra-la-caida-de-la-inversion-educativa-tambien-alcanzo-a-corrientes","status":"publish","type":"post","link":"https:\/\/elpueblonoticia.com.ar\/web\/2025\/11\/17\/tendencia-que-se-pronuncio-en-2024-con-la-motosierra-la-caida-de-la-inversion-educativa-tambien-alcanzo-a-corrientes\/","title":{"rendered":"Tendencia que se pronunci\u00f3 en 2024 con la motosierra: La ca\u00edda de la inversi\u00f3n educativa tambi\u00e9n alcanz\u00f3 a Corrientes"},"content":{"rendered":"<p>En la \u00faltima d\u00e9cada, los picos de ejecuci\u00f3n del gasto educativo en la provincia se observaron durante 2017 y 2023, pero entre dicho a\u00f1o y 2024 cay\u00f3 un 18% real. En 2025 hubo una leve recuperaci\u00f3n del salario docente, seg\u00fan un informe.<\/p>\n<p>&#8220;En la \u00faltima d\u00e9cada, el gasto educativo provincial muestra una tendencia general hacia la baja en t\u00e9rminos reales&#8221;, indica el informe de una ONG tras un relevamiento en las jurisdicciones subnacionales. Esta se pronunci\u00f3 en 2024 con los recortes de programas nacionales y del FONID. En Corrientes, la inversi\u00f3n cay\u00f3 18,4% en t\u00e9rminos reales, aunque en salarios fue la de menor merma.<\/p>\n<p>De las 24 jurisdicciones, 21 redujeron su gasto en educaci\u00f3n en 2024 respecto al 2023 y 19 se ubicaron por debajo de los niveles de 2014, es decir, en la \u00faltima d\u00e9cada. En 2025, no obstante, los salarios docentes registran una recuperaci\u00f3n generalizada, entre ellos, en Corrientes donde se observ\u00f3 una desaceleraci\u00f3n de la reducci\u00f3n.<\/p>\n<p>Los datos se desprenden del informe &#8220;Financiamiento provincial: an\u00e1lisis del presente en perspectiva en la \u00faltima d\u00e9cada&#8221; de la ONG Argentinos por la Educaci\u00f3n en la cual no s\u00f3lo colaboran investigadores, sino tambi\u00e9n exministros y docentes. Este trabajo, en particular, lleva la firma del presidente del IERAL de la Fundaci\u00f3n Mediterr\u00e1nea Osvaldo Giordano; y de Mar\u00eda Sol Alz\u00fa y Mart\u00edn Nistal por la organizaci\u00f3n civil.<\/p>\n<p>&#8220;La tendencia a la baja del gasto educativo en todas las provincias confirma que la inversi\u00f3n no logr\u00f3 sostener su poder adquisitivo frente a la inflaci\u00f3n&#8221;, indica el informe. En el caso de Corrientes, entre 2023 y 2024, la ca\u00edda fue de 18,4% real. Es la s\u00e9ptima jurisdicci\u00f3n con menor merma entre las jurisdicciones del pa\u00eds que registraron reducciones.<\/p>\n<p>En este periodo se destaca Santiago del Estero que tuvo un aumento del 20,7% del gasto educativo. En un espacio diametralmente opuesto se ubic\u00f3 San Luis donde en solo un a\u00f1o registr\u00f3 una ca\u00edda de 37,5% en t\u00e9rminos reales de la inversi\u00f3n provincial en el sector, siendo el recorte m\u00e1s alto entre las jurisdicciones subnacionales.<\/p>\n<p>En Corrientes, la mayor ca\u00edda del gasto ejecutado en educaci\u00f3n se observ\u00f3 en 2024 a lo largo de la \u00faltima d\u00e9cada. La segunda mayor baja fue en 2021, en periodo de pandemia de Covid-19, mientras que la tercera, fue un a\u00f1o despu\u00e9s, en b\u00fasqueda de la recuperaci\u00f3n pospandemia.<\/p>\n<p>El pico de inversi\u00f3n fue en 2017, a\u00f1o electoral en la provincia y con respaldo del Gobierno nacional entonces de Mauricio Macri. El segundo pico de crecimiento fue en 2018, durante el primer mandato del radical Gustavo Vald\u00e9s. Y el tercero, se posiciona en 2023, de acuerdo con el cuadro de evoluci\u00f3n del gasto que public\u00f3 la ONG.<\/p>\n<p>A precios constantes la evoluci\u00f3n del gasto podr\u00eda traducirse de la siguiente manera. Si en 2014 se posee una base de 100 pesos, la m\u00e1s alta fue en 2017 con 123 pesos y el segundo pico fue al a\u00f1o siguiente, con 120 pesos. Mientras que la m\u00e1s baja se contabiliz\u00f3 en 2024, con 98 pesos.<\/p>\n<p><b>Salarios<\/b><\/p>\n<p>Por otra entre 2023 y 2024, el salario docente baj\u00f3 -16,4% si se tiene en cuenta la inflaci\u00f3n. Aunque en 2025 hubo una recuperaci\u00f3n generalizada, ya que s\u00f3lo se registr\u00f3 una p\u00e9rdida de 0,3% en t\u00e9rminos reales.<\/p>\n<p>El documento de trabajo se\u00f1ala que los salarios docentes este a\u00f1o, en relaci\u00f3n con 2024 registraron una recuperaci\u00f3n generalizada en las provincias, con incrementos reales en 13 de las 24 jurisdicciones. Este no fue el caso de Corrientes pero, entre las que contabilizaron p\u00e9rdidas, fue la de menor reducci\u00f3n, con la mencionada baja del 0,3% interanual.<\/p>\n<p>El pico de inversi\u00f3n en el salario docente en Corrientes se observ\u00f3 en 2023 y el segundo, en 2017. Mientras que las mayores ca\u00eddas se registraron en 2021 y en 2024, con una leve recuperaci\u00f3n en 2025.<\/p>\n<p>A modo general, el informe detalla que las 21 provincias a\u00fan presentan niveles inferiores de inversi\u00f3n salarial a los de 2023 y, en comparaci\u00f3n con el a\u00f1o pasado, los ingresos reales de los educadores son m\u00e1s bajos en todo el pa\u00eds, salvo en Chaco, Santiago del Estero y R\u00edo Negro. &#8220;En s\u00edntesis, la mejora reciente refleja una recomposici\u00f3n parcial del poder adquisitivo, aunque todav\u00eda insuficiente para revertir la p\u00e9rdida acumulada durante la \u00faltima d\u00e9cada&#8221;, expresa el informe de Argentinos por la Educaci\u00f3n.<\/p>\n<p>&#8220;El an\u00e1lisis del gasto educativo provincial entre 2023 y 2024 muestra que la mayor\u00eda de las jurisdicciones registr\u00f3 una contracci\u00f3n real tanto en la funci\u00f3n Educaci\u00f3n y Cultura como en los salarios docentes, en un contexto marcado por la eliminaci\u00f3n del Fondo Nacional de Incentivo Docente (FONID)&#8221;, advierte la ONG. As\u00ed, \u00fanicamente en tres distritos se observ\u00f3 un aumento real del presupuesto educativo, al mismo tiempo que hubo una ca\u00edda en los salarios.<\/p>\n<p>En 11 jurisdicciones el gasto total se redujo en mayor medida que los salarios, reflejando un ajuste sobre otros componentes del gasto educativo, de acuerdo con lo se\u00f1alado por el documento. &#8220;Es importante destacar que ante la b\u00fasqueda del ahorro fiscal la prioridad deber\u00eda ser el uso eficiente de los recursos y no la reducci\u00f3n generalizada de los salarios docentes&#8221;, sugiere el trabajo. Aunque, en materia salarial, la organizaci\u00f3n aclara que no hay datos consolidados de 2025 para realizar el an\u00e1lisis comparativo.<\/p>\n<p><b>Esfuerzo de las provincias<\/b><\/p>\n<p>Cabe mencionar que el financiamiento educativo depende mayoritariamente las provincias desde la sanci\u00f3n de la Ley de Transferencia de Servicios Educativos durante el menemismo. Con la Ley de Financiamiento Educativo en 2005 y de Educaci\u00f3n Nacional, posteriormente, se fij\u00f3 como meta que el gasto consolidado en el \u00e1rea alcance el 6% del PBI desde 2010. Estas metas s\u00f3lo se cumplieron en 2009, 2013 y 2015.<\/p>\n<p>En materia de inversi\u00f3n, se observa que al menos tres de cada cuatro pesos destinados a educaci\u00f3n provienen de las provincias. De este total, pr\u00e1cticamente el 90% del gasto educativo es para el financiamiento de salarios.<\/p>\n<div><\/div>\n<div>diario \u00c9poca<\/div>\n","protected":false},"excerpt":{"rendered":"<p>En la \u00faltima d\u00e9cada, los picos de ejecuci\u00f3n del gasto educativo en la provincia se observaron durante 2017 y 2023, pero entre dicho a\u00f1o y 2024 cay\u00f3 un 18% real. En 2025 hubo una leve recuperaci\u00f3n del salario docente, seg\u00fan un informe. &#8220;En la \u00faltima d\u00e9cada, el gasto educativo provincial muestra una tendencia general hacia [&hellip;]<\/p>\n","protected":false},"author":2,"featured_media":3750,"comment_status":"open","ping_status":"open","sticky":false,"template":"","format":"standard","meta":{"footnotes":""},"categories":[80],"tags":[],"class_list":{"0":"post-3749","1":"post","2":"type-post","3":"status-publish","4":"format-standard","5":"has-post-thumbnail","7":"category-educacion"},"_links":{"self":[{"href":"https:\/\/elpueblonoticia.com.ar\/web\/wp-json\/wp\/v2\/posts\/3749","targetHints":{"allow":["GET"]}}],"collection":[{"href":"https:\/\/elpueblonoticia.com.ar\/web\/wp-json\/wp\/v2\/posts"}],"about":[{"href":"https:\/\/elpueblonoticia.com.ar\/web\/wp-json\/wp\/v2\/types\/post"}],"author":[{"embeddable":true,"href":"https:\/\/elpueblonoticia.com.ar\/web\/wp-json\/wp\/v2\/users\/2"}],"replies":[{"embeddable":true,"href":"https:\/\/elpueblonoticia.com.ar\/web\/wp-json\/wp\/v2\/comments?post=3749"}],"version-history":[{"count":1,"href":"https:\/\/elpueblonoticia.com.ar\/web\/wp-json\/wp\/v2\/posts\/3749\/revisions"}],"predecessor-version":[{"id":3751,"href":"https:\/\/elpueblonoticia.com.ar\/web\/wp-json\/wp\/v2\/posts\/3749\/revisions\/3751"}],"wp:featuredmedia":[{"embeddable":true,"href":"https:\/\/elpueblonoticia.com.ar\/web\/wp-json\/wp\/v2\/media\/3750"}],"wp:attachment":[{"href":"https:\/\/elpueblonoticia.com.ar\/web\/wp-json\/wp\/v2\/media?parent=3749"}],"wp:term":[{"taxonomy":"category","embeddable":true,"href":"https:\/\/elpueblonoticia.com.ar\/web\/wp-json\/wp\/v2\/categories?post=3749"},{"taxonomy":"post_tag","embeddable":true,"href":"https:\/\/elpueblonoticia.com.ar\/web\/wp-json\/wp\/v2\/tags?post=3749"}],"curies":[{"name":"wp","href":"https:\/\/api.w.org\/{rel}","templated":true}]}}