{"id":3705,"date":"2025-11-14T07:49:24","date_gmt":"2025-11-14T10:49:24","guid":{"rendered":"https:\/\/elpueblonoticia.com.ar\/web\/?p=3705"},"modified":"2025-11-14T07:49:24","modified_gmt":"2025-11-14T10:49:24","slug":"fiesta-provincial-del-inmigrante-tres-noches-de-musica-danza-y-tradiciones-en-el-multiespacio-ferial-costa-surubi","status":"publish","type":"post","link":"https:\/\/elpueblonoticia.com.ar\/web\/2025\/11\/14\/fiesta-provincial-del-inmigrante-tres-noches-de-musica-danza-y-tradiciones-en-el-multiespacio-ferial-costa-surubi\/","title":{"rendered":"FIESTA PROVINCIAL DEL INMIGRANTE: TRES NOCHES DE M\u00daSICA, DANZA Y TRADICIONES EN EL MULTIESPACIO FERIAL COSTA SURUB\u00cd"},"content":{"rendered":"<p data-olk-copy-source=\"MessageBody\">\n<p data-olk-copy-source=\"MessageBody\"><img loading=\"lazy\" decoding=\"async\" class=\"alignnone size-medium wp-image-3707\" src=\"https:\/\/elpueblonoticia.com.ar\/web\/wp-content\/uploads\/2025\/11\/INMIGRANTE-2-1-241x300.jpeg\" alt=\"\" width=\"241\" height=\"300\" srcset=\"https:\/\/elpueblonoticia.com.ar\/web\/wp-content\/uploads\/2025\/11\/INMIGRANTE-2-1-241x300.jpeg 241w, https:\/\/elpueblonoticia.com.ar\/web\/wp-content\/uploads\/2025\/11\/INMIGRANTE-2-1-822x1024.jpeg 822w, https:\/\/elpueblonoticia.com.ar\/web\/wp-content\/uploads\/2025\/11\/INMIGRANTE-2-1-768x957.jpeg 768w, https:\/\/elpueblonoticia.com.ar\/web\/wp-content\/uploads\/2025\/11\/INMIGRANTE-2-1-337x420.jpeg 337w, https:\/\/elpueblonoticia.com.ar\/web\/wp-content\/uploads\/2025\/11\/INMIGRANTE-2-1-696x867.jpeg 696w, https:\/\/elpueblonoticia.com.ar\/web\/wp-content\/uploads\/2025\/11\/INMIGRANTE-2-1-1068x1331.jpeg 1068w, https:\/\/elpueblonoticia.com.ar\/web\/wp-content\/uploads\/2025\/11\/INMIGRANTE-2-1.jpeg 1080w\" sizes=\"auto, (max-width: 241px) 100vw, 241px\" \/><img loading=\"lazy\" decoding=\"async\" class=\"alignnone size-medium wp-image-3706\" src=\"https:\/\/elpueblonoticia.com.ar\/web\/wp-content\/uploads\/2025\/11\/INMIGRANTE-1-1-239x300.jpeg\" alt=\"\" width=\"239\" height=\"300\" srcset=\"https:\/\/elpueblonoticia.com.ar\/web\/wp-content\/uploads\/2025\/11\/INMIGRANTE-1-1-239x300.jpeg 239w, https:\/\/elpueblonoticia.com.ar\/web\/wp-content\/uploads\/2025\/11\/INMIGRANTE-1-1-817x1024.jpeg 817w, https:\/\/elpueblonoticia.com.ar\/web\/wp-content\/uploads\/2025\/11\/INMIGRANTE-1-1-768x962.jpeg 768w, https:\/\/elpueblonoticia.com.ar\/web\/wp-content\/uploads\/2025\/11\/INMIGRANTE-1-1-335x420.jpeg 335w, https:\/\/elpueblonoticia.com.ar\/web\/wp-content\/uploads\/2025\/11\/INMIGRANTE-1-1-696x872.jpeg 696w, https:\/\/elpueblonoticia.com.ar\/web\/wp-content\/uploads\/2025\/11\/INMIGRANTE-1-1-1068x1338.jpeg 1068w, https:\/\/elpueblonoticia.com.ar\/web\/wp-content\/uploads\/2025\/11\/INMIGRANTE-1-1.jpeg 1080w\" sizes=\"auto, (max-width: 239px) 100vw, 239px\" \/><\/p>\n<p class=\"x_MsoNormal\" data-olk-copy-source=\"MessageBody\">Desde este viernes 14 y hasta el domingo 16 de noviembre, Goya volver\u00e1 a convertirse en un punto de encuentro de culturas, costumbres y colores con una nueva edici\u00f3n de la Fiesta Provincial del Inmigrante, que tendr\u00e1 como escenario principal el Multiespacio Ferial Costa Surub\u00ed.<\/p>\n<p class=\"x_MsoNormal\">Durante tres jornadas, colectividades de distintos pa\u00edses desplegar\u00e1n todo su arte, su gastronom\u00eda y sus ra\u00edces en un evento que ya es parte del calendario cultural goyano. Habr\u00e1 desfiles, presentaciones de ballets, espect\u00e1culos internacionales y la esperada elecci\u00f3n de la Reina y el Embajador Cultural, en un marco de fraternidad y alegr\u00eda que celebra la herencia de los pueblos que forjaron nuestra identidad.<\/p>\n<p class=\"x_MsoNormal\">VIERNES 14 \u2013 NOCHE INAUGURAL (desde las 21:00)<\/p>\n<p class=\"x_MsoNormal\">La apertura oficial comenzar\u00e1 con el Ballet Oficial de la Fiesta, seguido por la presentaci\u00f3n de todas las colectividades participantes. Luego de entonar las estrofas del Himno Nacional Argentino, la presidenta de la Comisi\u00f3n Organizadora, Sra. M\u00f3nica Pazos, junto a las autoridades presentes, dar\u00e1n la bienvenida a esta nueva edici\u00f3n.<\/p>\n<p class=\"x_MsoNormal\">El escenario se llenar\u00e1 de ritmo y color con los ballets de las colectividades:<\/p>\n<p class=\"x_MsoNormal\">Italia, con el Instituto de Danzas Nadia Quintana<\/p>\n<p class=\"x_MsoNormal\">Francia, con Danzarte<\/p>\n<p class=\"x_MsoNormal\">La Delegaci\u00f3n Cultural del Senado de la Provincia de Corrientes ofrecer\u00e1 una presentaci\u00f3n especial con el Ballet Folkl\u00f3rico Juvenil de la Honorable C\u00e1mara de Senadores, el Coral Corrientes y el Centro de Estudios Art\u00edsticos Fundaci\u00f3n Gitane.<\/p>\n<p class=\"x_MsoNormal\">Luego llegar\u00e1 el turno del Ballet Municipal \u201cAna Mar\u00eda Trainini\u201d, seguido por los grupos de:<\/p>\n<p class=\"x_MsoNormal\">Croacia (Inst. Kill Dance)<\/p>\n<p class=\"x_MsoNormal\">Espa\u00f1a (Inst. Nadia Quintana)<\/p>\n<p class=\"x_MsoNormal\">Per\u00fa (Inst. Adawaia Bellydance)<\/p>\n<p class=\"x_MsoNormal\">La primera noche culminar\u00e1 con la presentaci\u00f3n de Reinas y Embajadores Culturales de las Colectividades y el show del Conjunto N\u2019derek\u00f3, a la medianoche.<\/p>\n<p class=\"x_MsoNormal\">S\u00c1BADO 15 \u2013 DESFILE Y NOCHE DE CORONACI\u00d3N<\/p>\n<p class=\"x_MsoNormal\">La jornada del s\u00e1bado arrancar\u00e1 a las 18:00 con el tradicional Desfile de Colectividades, un despliegue de trajes t\u00edpicos, m\u00fasica y alegr\u00eda por las calles de Goya.<\/p>\n<p class=\"x_MsoNormal\">A partir de las 20:00, el Multiespacio Costa Surub\u00ed abrir\u00e1 nuevamente sus puertas para la Noche de Coronaci\u00f3n, con la apertura a cargo del pa\u00eds anfitri\u00f3n, Argentina, representado por el Instituto Renaciendo a la Vida.<\/p>\n<p class=\"x_MsoNormal\">Los ballets de distintas colectividades har\u00e1n vibrar el escenario:<\/p>\n<p class=\"x_MsoNormal\">Irlanda \u2013 Inst. Siempre en Movimiento<\/p>\n<p class=\"x_MsoNormal\">Alemania \u2013 Inst. Ch\u00e9vere<\/p>\n<p class=\"x_MsoNormal\">Adem\u00e1s, se contar\u00e1 con la destacada participaci\u00f3n de la Delegaci\u00f3n de la Fiesta Nacional del Inmigrante de Ober\u00e1 (Misiones), con sus reconocidos ballets:<\/p>\n<p class=\"x_MsoNormal\">Lipa (Colectividad Checa)<\/p>\n<p class=\"x_MsoNormal\">Bleu Blanc Rouge (Colectividad Francesa)<\/p>\n<p class=\"x_MsoNormal\">Barvinok (Colectividad Ucraniana)<\/p>\n<p class=\"x_MsoNormal\">Tambi\u00e9n se presentar\u00e1n el Ballet t\u00edpico Suizo \u201cCapullitos Alpinos\u201d de Humboldt (Santa Fe) y el Ballet B\u00falgaro \u201cRodina\u201d de Las Bre\u00f1as (Chaco).<\/p>\n<p class=\"x_MsoNormal\">M\u00e1s tarde, el p\u00fablico disfrutar\u00e1 de:<\/p>\n<p class=\"x_MsoNormal\">Pa\u00edses \u00c1rabes \u2013 Inst. Marina Bellucci<\/p>\n<p class=\"x_MsoNormal\">Brasil \u2013 Inst. Ch\u00e9vere<\/p>\n<p class=\"x_MsoNormal\">Ballet Oficial de la Fiesta<\/p>\n<p class=\"x_MsoNormal\">Las Reinas y Embajadores Culturales volver\u00e1n a brillar con su pasada en trajes t\u00edpicos, preludio del show internacional de Dominique Bernal Plus (Paraguay).<\/p>\n<p class=\"x_MsoNormal\">La noche promete emoci\u00f3n con la m\u00fasica del tributo a \u201cLa Nueva Luna\u201d, y el broche de oro llegar\u00e1 cerca de la medianoche con la coronaci\u00f3n de la Reina, Princesas y Embajador Cultural de la Fiesta Provincial del Inmigrante.<\/p>\n<p class=\"x_MsoNormal\">DOMINGO 16 \u2013 TARDE DE M\u00daSICA, CANTO Y DANZA<\/p>\n<p class=\"x_MsoNormal\">El cierre ser\u00e1 una verdadera fiesta popular, desde las 16:00, con una grilla art\u00edstica que reunir\u00e1 a academias, ballets y comparsas locales:<\/p>\n<p class=\"x_MsoNormal\">La Banda de Carlitos<\/p>\n<p class=\"x_MsoNormal\">Coro Municipal Infanto Juvenil<\/p>\n<p class=\"x_MsoNormal\">Estudio \u201cClave de Sol\u201d<\/p>\n<p class=\"x_MsoNormal\">Escuela Municipal de Danzas Nativ\u00e1s \u201cEl Trovador\u201d<\/p>\n<p class=\"x_MsoNormal\">Guardianes de las Culturas<\/p>\n<p class=\"x_MsoNormal\">Luego ser\u00e1 el turno de los institutos y grupos de danza: Movimiento Libre, Danzarte, Movimientos, Son Latino, Urban Leader, Talleres de Danza de la Escuela Normal y Magdalena G\u00fcemes de Tejada, Kill Dance, Siempre en Movimiento, Nuevo Amanecer, Ballet Folkl\u00f3rico Municipal de Carolina, ACG, Renaciendo a la Vida, Bailamos, Aerobic Dance, Liberarte, Ch\u00e9vere, Pasi\u00f3n por las Almas, Adawaia Bellydance, y las comparsas Aram\u00ed y Aymar\u00e1.<\/p>\n<p class=\"x_MsoNormal\">El gran cierre, a las 20:00, estar\u00e1 a cargo del grupo \u201cLa Cubana\u201d, que pondr\u00e1 el ritmo final a un fin de semana pleno de cultura, integraci\u00f3n y alegr\u00eda.<\/p>\n<p class=\"x_MsoNormal\">Con entrada libre y gratuita, el Multiespacio Ferial Costa Surub\u00ed ser\u00e1 durante tres d\u00edas un verdadero mosaico de culturas, donde cada colectividad compartir\u00e1 su esencia en un abrazo com\u00fan de m\u00fasica, danza y tradici\u00f3n.<\/p>\n","protected":false},"excerpt":{"rendered":"<p>Desde este viernes 14 y hasta el domingo 16 de noviembre, Goya volver\u00e1 a convertirse en un punto de encuentro de culturas, costumbres y colores con una nueva edici\u00f3n de la Fiesta Provincial del Inmigrante, que tendr\u00e1 como escenario principal el Multiespacio Ferial Costa Surub\u00ed. Durante tres jornadas, colectividades de distintos pa\u00edses desplegar\u00e1n todo su [&hellip;]<\/p>\n","protected":false},"author":2,"featured_media":3708,"comment_status":"open","ping_status":"open","sticky":false,"template":"","format":"standard","meta":{"footnotes":""},"categories":[56],"tags":[],"class_list":{"0":"post-3705","1":"post","2":"type-post","3":"status-publish","4":"format-standard","5":"has-post-thumbnail","7":"category-locales"},"_links":{"self":[{"href":"https:\/\/elpueblonoticia.com.ar\/web\/wp-json\/wp\/v2\/posts\/3705","targetHints":{"allow":["GET"]}}],"collection":[{"href":"https:\/\/elpueblonoticia.com.ar\/web\/wp-json\/wp\/v2\/posts"}],"about":[{"href":"https:\/\/elpueblonoticia.com.ar\/web\/wp-json\/wp\/v2\/types\/post"}],"author":[{"embeddable":true,"href":"https:\/\/elpueblonoticia.com.ar\/web\/wp-json\/wp\/v2\/users\/2"}],"replies":[{"embeddable":true,"href":"https:\/\/elpueblonoticia.com.ar\/web\/wp-json\/wp\/v2\/comments?post=3705"}],"version-history":[{"count":1,"href":"https:\/\/elpueblonoticia.com.ar\/web\/wp-json\/wp\/v2\/posts\/3705\/revisions"}],"predecessor-version":[{"id":3709,"href":"https:\/\/elpueblonoticia.com.ar\/web\/wp-json\/wp\/v2\/posts\/3705\/revisions\/3709"}],"wp:featuredmedia":[{"embeddable":true,"href":"https:\/\/elpueblonoticia.com.ar\/web\/wp-json\/wp\/v2\/media\/3708"}],"wp:attachment":[{"href":"https:\/\/elpueblonoticia.com.ar\/web\/wp-json\/wp\/v2\/media?parent=3705"}],"wp:term":[{"taxonomy":"category","embeddable":true,"href":"https:\/\/elpueblonoticia.com.ar\/web\/wp-json\/wp\/v2\/categories?post=3705"},{"taxonomy":"post_tag","embeddable":true,"href":"https:\/\/elpueblonoticia.com.ar\/web\/wp-json\/wp\/v2\/tags?post=3705"}],"curies":[{"name":"wp","href":"https:\/\/api.w.org\/{rel}","templated":true}]}}