{"id":3673,"date":"2025-11-13T12:08:01","date_gmt":"2025-11-13T15:08:01","guid":{"rendered":"https:\/\/elpueblonoticia.com.ar\/web\/?p=3673"},"modified":"2025-11-13T12:08:01","modified_gmt":"2025-11-13T15:08:01","slug":"estudiantes-de-tres-colegios-rurales-recibieron-capacitacion-sobre-el-cuidado-del-medio-ambiente","status":"publish","type":"post","link":"https:\/\/elpueblonoticia.com.ar\/web\/2025\/11\/13\/estudiantes-de-tres-colegios-rurales-recibieron-capacitacion-sobre-el-cuidado-del-medio-ambiente\/","title":{"rendered":"ESTUDIANTES DE TRES COLEGIOS RURALES RECIBIERON CAPACITACI\u00d3N SOBRE EL CUIDADO DEL MEDIO AMBIENTE"},"content":{"rendered":"<p data-olk-copy-source=\"MessageBody\"><img loading=\"lazy\" decoding=\"async\" class=\"alignnone size-medium wp-image-3675\" src=\"https:\/\/elpueblonoticia.com.ar\/web\/wp-content\/uploads\/2025\/11\/WhatsApp-Image-2025-11-13-at-10.48.30-2-300x225.jpeg\" alt=\"\" width=\"300\" height=\"225\" srcset=\"https:\/\/elpueblonoticia.com.ar\/web\/wp-content\/uploads\/2025\/11\/WhatsApp-Image-2025-11-13-at-10.48.30-2-300x225.jpeg 300w, https:\/\/elpueblonoticia.com.ar\/web\/wp-content\/uploads\/2025\/11\/WhatsApp-Image-2025-11-13-at-10.48.30-2-1024x768.jpeg 1024w, https:\/\/elpueblonoticia.com.ar\/web\/wp-content\/uploads\/2025\/11\/WhatsApp-Image-2025-11-13-at-10.48.30-2-768x576.jpeg 768w, https:\/\/elpueblonoticia.com.ar\/web\/wp-content\/uploads\/2025\/11\/WhatsApp-Image-2025-11-13-at-10.48.30-2-1536x1152.jpeg 1536w, https:\/\/elpueblonoticia.com.ar\/web\/wp-content\/uploads\/2025\/11\/WhatsApp-Image-2025-11-13-at-10.48.30-2-560x420.jpeg 560w, https:\/\/elpueblonoticia.com.ar\/web\/wp-content\/uploads\/2025\/11\/WhatsApp-Image-2025-11-13-at-10.48.30-2-80x60.jpeg 80w, https:\/\/elpueblonoticia.com.ar\/web\/wp-content\/uploads\/2025\/11\/WhatsApp-Image-2025-11-13-at-10.48.30-2-696x522.jpeg 696w, https:\/\/elpueblonoticia.com.ar\/web\/wp-content\/uploads\/2025\/11\/WhatsApp-Image-2025-11-13-at-10.48.30-2-1068x801.jpeg 1068w, https:\/\/elpueblonoticia.com.ar\/web\/wp-content\/uploads\/2025\/11\/WhatsApp-Image-2025-11-13-at-10.48.30-2-265x198.jpeg 265w, https:\/\/elpueblonoticia.com.ar\/web\/wp-content\/uploads\/2025\/11\/WhatsApp-Image-2025-11-13-at-10.48.30-2.jpeg 1600w\" sizes=\"auto, (max-width: 300px) 100vw, 300px\" \/><img loading=\"lazy\" decoding=\"async\" class=\"alignnone size-medium wp-image-3677\" src=\"https:\/\/elpueblonoticia.com.ar\/web\/wp-content\/uploads\/2025\/11\/WhatsApp-Image-2025-11-13-at-10.48.31-300x200.jpeg\" alt=\"\" width=\"300\" height=\"200\" srcset=\"https:\/\/elpueblonoticia.com.ar\/web\/wp-content\/uploads\/2025\/11\/WhatsApp-Image-2025-11-13-at-10.48.31-300x200.jpeg 300w, https:\/\/elpueblonoticia.com.ar\/web\/wp-content\/uploads\/2025\/11\/WhatsApp-Image-2025-11-13-at-10.48.31-1024x682.jpeg 1024w, https:\/\/elpueblonoticia.com.ar\/web\/wp-content\/uploads\/2025\/11\/WhatsApp-Image-2025-11-13-at-10.48.31-768x512.jpeg 768w, https:\/\/elpueblonoticia.com.ar\/web\/wp-content\/uploads\/2025\/11\/WhatsApp-Image-2025-11-13-at-10.48.31-1536x1023.jpeg 1536w, https:\/\/elpueblonoticia.com.ar\/web\/wp-content\/uploads\/2025\/11\/WhatsApp-Image-2025-11-13-at-10.48.31-630x420.jpeg 630w, https:\/\/elpueblonoticia.com.ar\/web\/wp-content\/uploads\/2025\/11\/WhatsApp-Image-2025-11-13-at-10.48.31-696x464.jpeg 696w, https:\/\/elpueblonoticia.com.ar\/web\/wp-content\/uploads\/2025\/11\/WhatsApp-Image-2025-11-13-at-10.48.31-1068x712.jpeg 1068w, https:\/\/elpueblonoticia.com.ar\/web\/wp-content\/uploads\/2025\/11\/WhatsApp-Image-2025-11-13-at-10.48.31.jpeg 1600w\" sizes=\"auto, (max-width: 300px) 100vw, 300px\" \/><img loading=\"lazy\" decoding=\"async\" class=\"alignnone size-medium wp-image-3678\" src=\"https:\/\/elpueblonoticia.com.ar\/web\/wp-content\/uploads\/2025\/11\/WhatsApp-Image-2025-11-13-at-10.48.31-2-300x200.jpeg\" alt=\"\" width=\"300\" height=\"200\" srcset=\"https:\/\/elpueblonoticia.com.ar\/web\/wp-content\/uploads\/2025\/11\/WhatsApp-Image-2025-11-13-at-10.48.31-2-300x200.jpeg 300w, https:\/\/elpueblonoticia.com.ar\/web\/wp-content\/uploads\/2025\/11\/WhatsApp-Image-2025-11-13-at-10.48.31-2-1024x682.jpeg 1024w, https:\/\/elpueblonoticia.com.ar\/web\/wp-content\/uploads\/2025\/11\/WhatsApp-Image-2025-11-13-at-10.48.31-2-768x512.jpeg 768w, https:\/\/elpueblonoticia.com.ar\/web\/wp-content\/uploads\/2025\/11\/WhatsApp-Image-2025-11-13-at-10.48.31-2-1536x1023.jpeg 1536w, https:\/\/elpueblonoticia.com.ar\/web\/wp-content\/uploads\/2025\/11\/WhatsApp-Image-2025-11-13-at-10.48.31-2-630x420.jpeg 630w, https:\/\/elpueblonoticia.com.ar\/web\/wp-content\/uploads\/2025\/11\/WhatsApp-Image-2025-11-13-at-10.48.31-2-696x464.jpeg 696w, https:\/\/elpueblonoticia.com.ar\/web\/wp-content\/uploads\/2025\/11\/WhatsApp-Image-2025-11-13-at-10.48.31-2-1068x712.jpeg 1068w, https:\/\/elpueblonoticia.com.ar\/web\/wp-content\/uploads\/2025\/11\/WhatsApp-Image-2025-11-13-at-10.48.31-2.jpeg 1600w\" sizes=\"auto, (max-width: 300px) 100vw, 300px\" \/><\/p>\n<p class=\"x_MsoNormal\" data-olk-copy-source=\"MessageBody\">Este pasado martes 11 y mi\u00e9rcoles 12 de noviembre, representantes del Instituto Provincial del Tabaco, la Agencia de Extensi\u00f3n INTA Goya, Campo Limpio, con la participaci\u00f3n de la Cooperativa de Tabacaleros y la empresa Aliance One, llevaron charlas de capacitaci\u00f3n a estudiantes, padres y docentes, con respecto al manejo responsable de pl\u00e1sticos y envases fitosanitarios para contribuir a la preservaci\u00f3n del medio ambiente, previsto en la ley Nacional 27.279.<\/p>\n<p class=\"x_MsoNormal\">Este tipo de capacitaciones, forman parte del trabajo conjunto que realizan las instituciones mencionadas para transmitir el conocimiento respectivo, especialmente a los j\u00f3venes relacionados con tareas productivas, que habitualmente utilizan insumos en la actividad agropecuaria; para que hagan un manejo responsable de pl\u00e1sticos envases fitosanitarios y apliquen los protocolos para evitar da\u00f1os al ambiente.<\/p>\n<p class=\"x_MsoNormal\">Las instituciones escolares incluidas en esta oportunidad, fueron el Colegio Agropecuario San Isidro Labrador, de la localidad hom\u00f3nima y las Escuelas de la Familia Agr\u00edcola, EFA Anah\u00ed de paraje Casualidad y de paraje La Bolsa (Lavalle).<\/p>\n<p class=\"x_MsoNormal\">Participaron por el IPT el Ingeniero Jos\u00e9 N\u00fa\u00f1ez, Oscar Zoilo y Julia Bernardi del INTA Goya, la Ingeniera Mariana Pietrantueno de Campo Limpio, Miran Sotelo de Cooperativa de Tabacaleros de Corrientes, entre otros.<\/p>\n<p class=\"x_MsoNormal\" aria-hidden=\"true\">\n","protected":false},"excerpt":{"rendered":"<p>Este pasado martes 11 y mi\u00e9rcoles 12 de noviembre, representantes del Instituto Provincial del Tabaco, la Agencia de Extensi\u00f3n INTA Goya, Campo Limpio, con la participaci\u00f3n de la Cooperativa de Tabacaleros y la empresa Aliance One, llevaron charlas de capacitaci\u00f3n a estudiantes, padres y docentes, con respecto al manejo responsable de pl\u00e1sticos y envases fitosanitarios [&hellip;]<\/p>\n","protected":false},"author":2,"featured_media":3674,"comment_status":"open","ping_status":"open","sticky":false,"template":"","format":"standard","meta":{"footnotes":""},"categories":[56],"tags":[],"class_list":{"0":"post-3673","1":"post","2":"type-post","3":"status-publish","4":"format-standard","5":"has-post-thumbnail","7":"category-locales"},"_links":{"self":[{"href":"https:\/\/elpueblonoticia.com.ar\/web\/wp-json\/wp\/v2\/posts\/3673","targetHints":{"allow":["GET"]}}],"collection":[{"href":"https:\/\/elpueblonoticia.com.ar\/web\/wp-json\/wp\/v2\/posts"}],"about":[{"href":"https:\/\/elpueblonoticia.com.ar\/web\/wp-json\/wp\/v2\/types\/post"}],"author":[{"embeddable":true,"href":"https:\/\/elpueblonoticia.com.ar\/web\/wp-json\/wp\/v2\/users\/2"}],"replies":[{"embeddable":true,"href":"https:\/\/elpueblonoticia.com.ar\/web\/wp-json\/wp\/v2\/comments?post=3673"}],"version-history":[{"count":1,"href":"https:\/\/elpueblonoticia.com.ar\/web\/wp-json\/wp\/v2\/posts\/3673\/revisions"}],"predecessor-version":[{"id":3679,"href":"https:\/\/elpueblonoticia.com.ar\/web\/wp-json\/wp\/v2\/posts\/3673\/revisions\/3679"}],"wp:featuredmedia":[{"embeddable":true,"href":"https:\/\/elpueblonoticia.com.ar\/web\/wp-json\/wp\/v2\/media\/3674"}],"wp:attachment":[{"href":"https:\/\/elpueblonoticia.com.ar\/web\/wp-json\/wp\/v2\/media?parent=3673"}],"wp:term":[{"taxonomy":"category","embeddable":true,"href":"https:\/\/elpueblonoticia.com.ar\/web\/wp-json\/wp\/v2\/categories?post=3673"},{"taxonomy":"post_tag","embeddable":true,"href":"https:\/\/elpueblonoticia.com.ar\/web\/wp-json\/wp\/v2\/tags?post=3673"}],"curies":[{"name":"wp","href":"https:\/\/api.w.org\/{rel}","templated":true}]}}