{"id":3669,"date":"2025-11-13T11:59:52","date_gmt":"2025-11-13T14:59:52","guid":{"rendered":"https:\/\/elpueblonoticia.com.ar\/web\/?p=3669"},"modified":"2025-11-13T11:59:52","modified_gmt":"2025-11-13T14:59:52","slug":"curso-de-capacitacion-en-conservacion-de-alimentos-en-la-casa-del-bicentenario","status":"publish","type":"post","link":"https:\/\/elpueblonoticia.com.ar\/web\/2025\/11\/13\/curso-de-capacitacion-en-conservacion-de-alimentos-en-la-casa-del-bicentenario\/","title":{"rendered":"CURSO DE CAPACITACI\u00d3N EN CONSERVACI\u00d3N DE ALIMENTOS EN LA CASA DEL BICENTENARIO"},"content":{"rendered":"<p class=\"x_MsoNormal\" data-olk-copy-source=\"MessageBody\">La Secretar\u00eda de Producci\u00f3n de la Municipalidad de Goya invita a toda la comunidad a participar del \u201cCurso de Capacitaci\u00f3n en Conservaci\u00f3n de Alimentos\u201d, que se realizar\u00e1 el martes 18 de noviembre a las 9 horas en el Sal\u00f3n de la Casa del Bicentenario.<\/p>\n<p class=\"x_MsoNormal\">Esta propuesta formativa tiene como objetivo brindar herramientas te\u00f3ricas y pr\u00e1cticas sobre la correcta manipulaci\u00f3n y conservaci\u00f3n de alimentos, con el fin de garantizar la seguridad alimentaria y promover buenas pr\u00e1cticas en la elaboraci\u00f3n y comercializaci\u00f3n de productos.<\/p>\n<p class=\"x_MsoNormal\">Durante la jornada, los participantes podr\u00e1n adquirir conocimientos esenciales sobre higiene, preservaci\u00f3n, almacenamiento y t\u00e9cnicas seguras para evitar la contaminaci\u00f3n de los alimentos, aspectos fundamentales tanto para emprendedores gastron\u00f3micos como para quienes trabajan en la industria alimentaria o elaboran productos artesanales.<\/p>\n<p class=\"x_MsoNormal\">Al finalizar la capacitaci\u00f3n, se realizar\u00e1 la entrega de certificados a los asistentes, en reconocimiento a su participaci\u00f3n y compromiso con la mejora continua de la calidad alimentaria local.<\/p>\n<p class=\"x_MsoNormal\">La Secretar\u00eda de Producci\u00f3n invita a sumarse a esta iniciativa, que forma parte de las acciones permanentes de capacitaci\u00f3n y fortalecimiento del sector productivo que impulsa la Municipalidad de Goya.<\/p>\n","protected":false},"excerpt":{"rendered":"<p>La Secretar\u00eda de Producci\u00f3n de la Municipalidad de Goya invita a toda la comunidad a participar del \u201cCurso de Capacitaci\u00f3n en Conservaci\u00f3n de Alimentos\u201d, que se realizar\u00e1 el martes 18 de noviembre a las 9 horas en el Sal\u00f3n de la Casa del Bicentenario. Esta propuesta formativa tiene como objetivo brindar herramientas te\u00f3ricas y pr\u00e1cticas [&hellip;]<\/p>\n","protected":false},"author":2,"featured_media":3670,"comment_status":"open","ping_status":"open","sticky":false,"template":"","format":"standard","meta":{"footnotes":""},"categories":[56],"tags":[],"class_list":{"0":"post-3669","1":"post","2":"type-post","3":"status-publish","4":"format-standard","5":"has-post-thumbnail","7":"category-locales"},"_links":{"self":[{"href":"https:\/\/elpueblonoticia.com.ar\/web\/wp-json\/wp\/v2\/posts\/3669","targetHints":{"allow":["GET"]}}],"collection":[{"href":"https:\/\/elpueblonoticia.com.ar\/web\/wp-json\/wp\/v2\/posts"}],"about":[{"href":"https:\/\/elpueblonoticia.com.ar\/web\/wp-json\/wp\/v2\/types\/post"}],"author":[{"embeddable":true,"href":"https:\/\/elpueblonoticia.com.ar\/web\/wp-json\/wp\/v2\/users\/2"}],"replies":[{"embeddable":true,"href":"https:\/\/elpueblonoticia.com.ar\/web\/wp-json\/wp\/v2\/comments?post=3669"}],"version-history":[{"count":1,"href":"https:\/\/elpueblonoticia.com.ar\/web\/wp-json\/wp\/v2\/posts\/3669\/revisions"}],"predecessor-version":[{"id":3671,"href":"https:\/\/elpueblonoticia.com.ar\/web\/wp-json\/wp\/v2\/posts\/3669\/revisions\/3671"}],"wp:featuredmedia":[{"embeddable":true,"href":"https:\/\/elpueblonoticia.com.ar\/web\/wp-json\/wp\/v2\/media\/3670"}],"wp:attachment":[{"href":"https:\/\/elpueblonoticia.com.ar\/web\/wp-json\/wp\/v2\/media?parent=3669"}],"wp:term":[{"taxonomy":"category","embeddable":true,"href":"https:\/\/elpueblonoticia.com.ar\/web\/wp-json\/wp\/v2\/categories?post=3669"},{"taxonomy":"post_tag","embeddable":true,"href":"https:\/\/elpueblonoticia.com.ar\/web\/wp-json\/wp\/v2\/tags?post=3669"}],"curies":[{"name":"wp","href":"https:\/\/api.w.org\/{rel}","templated":true}]}}