{"id":3657,"date":"2025-11-13T11:14:27","date_gmt":"2025-11-13T14:14:27","guid":{"rendered":"https:\/\/elpueblonoticia.com.ar\/web\/?p=3657"},"modified":"2025-11-13T11:14:27","modified_gmt":"2025-11-13T14:14:27","slug":"valdes-viaja-a-india-para-abrir-nuevos-mercados-y-atraer-inversiones-para-corrientes","status":"publish","type":"post","link":"https:\/\/elpueblonoticia.com.ar\/web\/2025\/11\/13\/valdes-viaja-a-india-para-abrir-nuevos-mercados-y-atraer-inversiones-para-corrientes\/","title":{"rendered":"Vald\u00e9s viaja a India para abrir nuevos mercados y atraer inversiones para Corrientes"},"content":{"rendered":"<p>El gobernador Gustavo Vald\u00e9s confirm\u00f3 este jueves el inicio de una nueva gira internacional con destino a la India, en busca de ampliar las oportunidades comerciales y de inversi\u00f3n para la provincia. \u201cComenzamos un largo viaje, pero con grandes posibilidades y oportunidades para Corrientes\u201d, expres\u00f3 el mandatario en declaraciones raciales, al referirse al objetivo de fortalecer v\u00ednculos con la democracia m\u00e1s grande del mundo.<\/p>\n<p>Vald\u00e9s record\u00f3 que en viajes anteriores se lograron inversiones directas hacia la provincia y sostuvo que esta nueva misi\u00f3n comercial tiene el prop\u00f3sito de \u201cacercarnos con India\u201d, destacando que ya mantuvo reuniones con el embajador de ese pa\u00eds y con el embajador argentino en Nueva Delhi.<\/p>\n<p><strong>Durante los encuentros previos, el Gobernador destac\u00f3 que el intercambio bilateral podr\u00eda incluir una amplia gama de productos correntinos.\u00a0<\/strong>\u201cLlevamos todo el espectro de la provincia\u201d, afirm\u00f3, al detallar que entre los sectores con potencial se encuentran el arroz, el papel, la industria forestal y el mate, adem\u00e1s de los rubros tradicionales como la carne.<\/p>\n<p>Explic\u00f3 que \u201chay posibilidades para otros productos que no son los tradicionales\u201d y que uno de los objetivos es \u201cofrecer la posibilidad de inversi\u00f3n de India\u201d, dado que se trata de \u201cla tercera econom\u00eda del mundo\u201d y \u201cun pa\u00eds que es m\u00e1s grande que la Rep\u00fablica Argentina, pero con 1.400 millones de habitantes\u201d.<\/p>\n<p>Vald\u00e9s destac\u00f3 que Corrientes busca posicionarse en mercados con alta demanda de alimentos y materias primas. \u201cNosotros producimos 120.000 hect\u00e1reas de arroz; ellos producen 41 millones de hect\u00e1reas y necesitan seguir teniendo ese producto\u201d, se\u00f1al\u00f3, al tiempo que explic\u00f3 que se est\u00e1 evaluando la \u201czona de puertos, la zona de Bombay\u201d para analizar \u201cc\u00f3mo se articulan los puertos y la posibilidad de conexi\u00f3n de esos productos\u201d.<\/p>\n<p><strong>El mandatario confirm\u00f3 que el objetivo de la misi\u00f3n es \u201censanchar las posibilidades de Corrientes\u201d, ya que el comercio exterior \u201ces lo \u00fanico que nos permite lograr desarrollo\u201d.<\/strong><\/p>\n<h2 class=\"wp-block-heading\">RELACI\u00d3N CON EL GOBIERNO NACIONAL Y DESAF\u00cdOS DEL SECTOR FORESTAL<\/h2>\n<figure class=\"wp-block-image size-full\"><img loading=\"lazy\" decoding=\"async\" class=\"wp-image-373406 entered lazyloaded\" src=\"https:\/\/www.diarioellibertador.com.ar\/wp-content\/uploads\/2025\/11\/image-4.jpg\" sizes=\"auto, (max-width: 800px) 100vw, 800px\" srcset=\"https:\/\/www.diarioellibertador.com.ar\/wp-content\/uploads\/2025\/11\/image-4.jpg 800w, https:\/\/www.diarioellibertador.com.ar\/wp-content\/uploads\/2025\/11\/image-4-150x100.jpg 150w, https:\/\/www.diarioellibertador.com.ar\/wp-content\/uploads\/2025\/11\/image-4-450x300.jpg 450w, https:\/\/www.diarioellibertador.com.ar\/wp-content\/uploads\/2025\/11\/image-4-768x512.jpg 768w\" alt=\"\" width=\"800\" height=\"533\" data-lazy-srcset=\"https:\/\/www.diarioellibertador.com.ar\/wp-content\/uploads\/2025\/11\/image-4.jpg 800w, https:\/\/www.diarioellibertador.com.ar\/wp-content\/uploads\/2025\/11\/image-4-150x100.jpg 150w, https:\/\/www.diarioellibertador.com.ar\/wp-content\/uploads\/2025\/11\/image-4-450x300.jpg 450w, https:\/\/www.diarioellibertador.com.ar\/wp-content\/uploads\/2025\/11\/image-4-768x512.jpg 768w\" data-lazy-sizes=\"(max-width: 800px) 100vw, 800px\" data-lazy-src=\"https:\/\/www.diarioellibertador.com.ar\/wp-content\/uploads\/2025\/11\/image-4.jpg\" data-ll-status=\"loaded\" \/><\/figure>\n<p>El Gobernador tambi\u00e9n se refiri\u00f3 a la relaci\u00f3n con el nuevo Ministerio del Interior y con las autoridades nacionales. \u201cYo tuve contacto con \u00e9l y con autoridades nacionales porque hoy hay algunos inconvenientes con la madera que estamos tratando de resolver\u201d, indic\u00f3, se\u00f1alando que la comunicaci\u00f3n institucional se mantiene abierta y en buenos t\u00e9rminos.<\/p>\n<p>Reconoci\u00f3 que \u201cno puede dar una evaluaci\u00f3n\u201d sobre el funcionamiento del Ministerio, pero valor\u00f3 la \u201cmuy buena predisposici\u00f3n del Gobierno Nacional respecto del tema\u201d.<\/p>\n<p>En relaci\u00f3n con la situaci\u00f3n del sector maderero, Vald\u00e9s reconoci\u00f3 que \u201ces un sector que hoy se encuentra deprimido, con mayores dificultades y una visi\u00f3n a futuro que ojal\u00e1 se pueda resolver\u201d. Detall\u00f3 que las conversaciones incluyeron el impacto de los aranceles internacionales. \u201cEstamos hablando de algunos aranceles que tambi\u00e9n tuvieron repercusi\u00f3n interna, como el impuesto por Estados Unidos del 10%\u201d, explic\u00f3, a\u00f1adiendo que se trabaja en alternativas para mitigar esos efectos y \u201cresolver cuestiones respecto del IVA\u201d que afectan a la cadena productiva.<\/p>\n<p><strong>El mandatario mencion\u00f3 que las gestiones se realizaron con diversos funcionarios nacionales.\u00a0<\/strong>\u201cEstuvimos hablando con Juan Paso y con otros funcionarios nacionales. Fue muy buena la recepci\u00f3n, ojal\u00e1 que podamos lograr una respuesta\u201d, expres\u00f3.<\/p>\n<p>En ese sentido, sostuvo que la provincia mantiene una posici\u00f3n de prudencia y equilibrio fiscal, concentrando la ejecuci\u00f3n de la obra p\u00fablica en el Ministerio de Econom\u00eda \u201cporque no vamos a saber c\u00f3mo sigue la recaudaci\u00f3n en la Argentina\u201d.<\/p>\n<h2 class=\"wp-block-heading\">ADMINISTRACI\u00d3N PRESUPUESTARIA Y DEBATE LABORAL EN EL CONGRESO<\/h2>\n<p><strong>En cuanto a la situaci\u00f3n financiera provincial, Vald\u00e9s indic\u00f3 que la recaudaci\u00f3n \u201cfue pr\u00e1cticamente en iguales t\u00e9rminos\u201d a lo previsto, lo que obliga a mantener un manejo cuidadoso de los recursos.\u00a0<\/strong>\u201cNo se pueden incorporar al presupuesto de la provincia mayores ingresos y eso lo que genera es un ajuste presupuestario, no una falta de dinero\u201d, explic\u00f3.<\/p>\n<p>Enfatiz\u00f3 que el objetivo es \u201cpresupuestar exactamente lo que necesitamos porque es exactamente lo que vas a estar recibiendo\u201d, lo que permite \u201cmayor precisi\u00f3n en la distribuci\u00f3n de gastos e inversiones\u201d.<\/p>\n<p>Consultado sobre el impacto de esta situaci\u00f3n en la planificaci\u00f3n de obras, el gobernador aclar\u00f3 que \u201cal contrario, si uno tiene un presupuesto m\u00e1s claro, cuando sabe que tiene presupuesto y un sobrante, la planificaci\u00f3n de la obra se cumple con mayor exactitud\u201d.<\/p>\n<p><strong>Reiter\u00f3 que el Gobierno provincial mantiene su compromiso con la responsabilidad fiscal y la previsibilidad, ajustando las inversiones seg\u00fan los recursos reales disponibles.<\/strong><\/p>\n<p>Finalmente, Vald\u00e9s fue consultado sobre el debate nacional en torno a la reforma laboral. En ese punto, advirti\u00f3 que el tratamiento del tema debe hacerse sobre bases concretas y no especulativas. \u201cMe parece que nosotros tenemos que hablar sobre un proyecto nacional presentado, porque si no estamos tratando de imaginar lo que puede ser la presentaci\u00f3n del Gobierno Nacional\u201d, expres\u00f3.<\/p>\n<p><strong>En ese sentido, se\u00f1al\u00f3 que el an\u00e1lisis debe hacerse \u201cpunto por punto\u201d y \u201ccon seriedad\u201d, considerando las condiciones actuales del mercado de trabajo.<\/strong><\/p>\n<p><strong>El mandatario se mostr\u00f3 a favor de una actualizaci\u00f3n del sistema laboral argentino, aunque con una visi\u00f3n de equilibrio.<\/strong>\u00a0\u201cYo creo que nosotros tenemos una vieja ley y tenemos que mirar y tratar de entender las nuevas necesidades del mercado laboral\u201d, sostuvo.<\/p>\n<p>No obstante, advirti\u00f3 que \u201ctenemos que ser conscientes de que en la relaci\u00f3n laboral el m\u00e1s d\u00e9bil siempre es el trabajador\u201d, y cit\u00f3 una reflexi\u00f3n de Ra\u00fal Alfons\u00edn para graficar su postura: \u201cEn el gallinero de la libertad, el zorro libre se come la gallina libre\u201d.<\/p>\n<p>Concluy\u00f3 afirmando que la modernizaci\u00f3n del sistema debe realizarse garantizando los derechos de los trabajadores y fortaleciendo la seguridad jur\u00eddica para el empleo.<\/p>\n","protected":false},"excerpt":{"rendered":"<p>El gobernador Gustavo Vald\u00e9s confirm\u00f3 este jueves el inicio de una nueva gira internacional con destino a la India, en busca de ampliar las oportunidades comerciales y de inversi\u00f3n para la provincia. \u201cComenzamos un largo viaje, pero con grandes posibilidades y oportunidades para Corrientes\u201d, expres\u00f3 el mandatario en declaraciones raciales, al referirse al objetivo de [&hellip;]<\/p>\n","protected":false},"author":2,"featured_media":3658,"comment_status":"open","ping_status":"open","sticky":false,"template":"","format":"standard","meta":{"footnotes":""},"categories":[66],"tags":[],"class_list":{"0":"post-3657","1":"post","2":"type-post","3":"status-publish","4":"format-standard","5":"has-post-thumbnail","7":"category-politica-nacionales"},"_links":{"self":[{"href":"https:\/\/elpueblonoticia.com.ar\/web\/wp-json\/wp\/v2\/posts\/3657","targetHints":{"allow":["GET"]}}],"collection":[{"href":"https:\/\/elpueblonoticia.com.ar\/web\/wp-json\/wp\/v2\/posts"}],"about":[{"href":"https:\/\/elpueblonoticia.com.ar\/web\/wp-json\/wp\/v2\/types\/post"}],"author":[{"embeddable":true,"href":"https:\/\/elpueblonoticia.com.ar\/web\/wp-json\/wp\/v2\/users\/2"}],"replies":[{"embeddable":true,"href":"https:\/\/elpueblonoticia.com.ar\/web\/wp-json\/wp\/v2\/comments?post=3657"}],"version-history":[{"count":1,"href":"https:\/\/elpueblonoticia.com.ar\/web\/wp-json\/wp\/v2\/posts\/3657\/revisions"}],"predecessor-version":[{"id":3659,"href":"https:\/\/elpueblonoticia.com.ar\/web\/wp-json\/wp\/v2\/posts\/3657\/revisions\/3659"}],"wp:featuredmedia":[{"embeddable":true,"href":"https:\/\/elpueblonoticia.com.ar\/web\/wp-json\/wp\/v2\/media\/3658"}],"wp:attachment":[{"href":"https:\/\/elpueblonoticia.com.ar\/web\/wp-json\/wp\/v2\/media?parent=3657"}],"wp:term":[{"taxonomy":"category","embeddable":true,"href":"https:\/\/elpueblonoticia.com.ar\/web\/wp-json\/wp\/v2\/categories?post=3657"},{"taxonomy":"post_tag","embeddable":true,"href":"https:\/\/elpueblonoticia.com.ar\/web\/wp-json\/wp\/v2\/tags?post=3657"}],"curies":[{"name":"wp","href":"https:\/\/api.w.org\/{rel}","templated":true}]}}