{"id":3653,"date":"2025-11-13T11:05:58","date_gmt":"2025-11-13T14:05:58","guid":{"rendered":"https:\/\/elpueblonoticia.com.ar\/web\/?p=3653"},"modified":"2025-11-13T11:05:58","modified_gmt":"2025-11-13T14:05:58","slug":"encontraron-muerto-en-ruta-12-al-hombre-que-era-buscado-en-esquina","status":"publish","type":"post","link":"https:\/\/elpueblonoticia.com.ar\/web\/2025\/11\/13\/encontraron-muerto-en-ruta-12-al-hombre-que-era-buscado-en-esquina\/","title":{"rendered":"Encontraron muerto en Ruta 12 al hombre que era buscado en Esquina"},"content":{"rendered":"<p>Lo encontraron en la ma\u00f1ana del mi\u00e9rcoles en un arroyo. Todav\u00eda se investigan las causas del fallecimiento.<\/p>\n<div>Ra\u00fal Alfredo Morel, quien era buscado desde hace varios d\u00edas en la ciudad de Esquina, fue encontrado sin vida este mi\u00e9rcoles por la ma\u00f1ana. El hallazgo se produjo alrededor de las 8.30 en un espejo de agua ubicado a un costado de la Ruta 12, a la altura del kil\u00f3metro 663, en la zona conocida como Arroyo Vega.<\/div>\n<div><\/div>\n<div>Fuentes policiales confirmaron que el cuerpo pertenece a Morel, de 67 a\u00f1os, quien esta semana fue reportado como desaparecido y era buscado por las autoridades y sus familiares.<\/div>\n<div><\/div>\n<div>La investigaci\u00f3n qued\u00f3 a cargo de la unidad fiscal de Esquina, mientras que el cuerpo fue trasladado a la morgue judicial para la realizaci\u00f3n de la autopsia que permitir\u00e1 establecer las causas del fallecimiento. Adem\u00e1s, con el mismo objetivo, en la escena trabajaron personal forense y autoridades judiciales.<\/div>\n<div><\/div>\n","protected":false},"excerpt":{"rendered":"<p>Lo encontraron en la ma\u00f1ana del mi\u00e9rcoles en un arroyo. Todav\u00eda se investigan las causas del fallecimiento. Ra\u00fal Alfredo Morel, quien era buscado desde hace varios d\u00edas en la ciudad de Esquina, fue encontrado sin vida este mi\u00e9rcoles por la ma\u00f1ana. El hallazgo se produjo alrededor de las 8.30 en un espejo de agua ubicado [&hellip;]<\/p>\n","protected":false},"author":2,"featured_media":3654,"comment_status":"open","ping_status":"open","sticky":false,"template":"","format":"standard","meta":{"footnotes":""},"categories":[68],"tags":[],"class_list":{"0":"post-3653","1":"post","2":"type-post","3":"status-publish","4":"format-standard","5":"has-post-thumbnail","7":"category-policiales-nacionales"},"_links":{"self":[{"href":"https:\/\/elpueblonoticia.com.ar\/web\/wp-json\/wp\/v2\/posts\/3653","targetHints":{"allow":["GET"]}}],"collection":[{"href":"https:\/\/elpueblonoticia.com.ar\/web\/wp-json\/wp\/v2\/posts"}],"about":[{"href":"https:\/\/elpueblonoticia.com.ar\/web\/wp-json\/wp\/v2\/types\/post"}],"author":[{"embeddable":true,"href":"https:\/\/elpueblonoticia.com.ar\/web\/wp-json\/wp\/v2\/users\/2"}],"replies":[{"embeddable":true,"href":"https:\/\/elpueblonoticia.com.ar\/web\/wp-json\/wp\/v2\/comments?post=3653"}],"version-history":[{"count":1,"href":"https:\/\/elpueblonoticia.com.ar\/web\/wp-json\/wp\/v2\/posts\/3653\/revisions"}],"predecessor-version":[{"id":3655,"href":"https:\/\/elpueblonoticia.com.ar\/web\/wp-json\/wp\/v2\/posts\/3653\/revisions\/3655"}],"wp:featuredmedia":[{"embeddable":true,"href":"https:\/\/elpueblonoticia.com.ar\/web\/wp-json\/wp\/v2\/media\/3654"}],"wp:attachment":[{"href":"https:\/\/elpueblonoticia.com.ar\/web\/wp-json\/wp\/v2\/media?parent=3653"}],"wp:term":[{"taxonomy":"category","embeddable":true,"href":"https:\/\/elpueblonoticia.com.ar\/web\/wp-json\/wp\/v2\/categories?post=3653"},{"taxonomy":"post_tag","embeddable":true,"href":"https:\/\/elpueblonoticia.com.ar\/web\/wp-json\/wp\/v2\/tags?post=3653"}],"curies":[{"name":"wp","href":"https:\/\/api.w.org\/{rel}","templated":true}]}}