{"id":3642,"date":"2025-11-13T10:17:15","date_gmt":"2025-11-13T13:17:15","guid":{"rendered":"https:\/\/elpueblonoticia.com.ar\/web\/?p=3642"},"modified":"2025-11-13T10:17:15","modified_gmt":"2025-11-13T13:17:15","slug":"el-gobernador-inauguro-un-nuevo-caps-en-virasoro-e-insto-a-trabajar-en-salud-desde-la-prevencion","status":"publish","type":"post","link":"https:\/\/elpueblonoticia.com.ar\/web\/2025\/11\/13\/el-gobernador-inauguro-un-nuevo-caps-en-virasoro-e-insto-a-trabajar-en-salud-desde-la-prevencion\/","title":{"rendered":"EL GOBERNADOR INAUGUR\u00d3 UN NUEVO CAPS EN VIRASORO E INST\u00d3 A TRABAJAR EN SALUD DESDE &#8220;LA PREVENCI\u00d3N&#8221;"},"content":{"rendered":"<p><img decoding=\"async\" src=\"https:\/\/cdn.corrientes.gob.ar\/assets\/image\/104689\/view\/24b752f178c862a6c391411d7410d6b8f3c9e2d8.webp?utm_source=sendinblue&amp;utm_campaign=El_Gobernador%20inaugur%20un%20nuevo%20CAPS%20en%20Virasoro%20e%20inst%C3%B3%20a%20trabajar%20en%20salud%20desde%20-la%20prevenci%C3%B3n\\\" \/><\/p>\n<p><img decoding=\"async\" src=\"https:\/\/cdn.corrientes.gob.ar\/assets\/image\/104688\/view\/5fdde0fc368091d404b315918aa1072f2837c206.webp?utm_source=sendinblue&amp;utm_campaign=El_Gobernador%20inaugur%20un%20nuevo%20CAPS%20en%20Virasoro%20e%20inst%C3%B3%20a%20trabajar%20en%20salud%20desde%20-la%20prevenci%C3%B3n\\\" \/><\/p>\n<p><strong>En menos de un a\u00f1o, el gobernador Gustavo Vald\u00e9s inaugur\u00f3 este martes en Virasoro un segundo Centro de Atenci\u00f3n Primaria de la Salud (CAPS), esta vez el &#8220;San Antonio de Padua&#8221;, ubicado en el barrio Vuelta del Omb\u00fa. En la oportunidad, inst\u00f3 a seguir trabajando en salud p\u00fablica desde &#8220;la prevenci\u00f3n&#8221; con &#8220;presencia en el territorio&#8221;, y por eso el fortalecimiento de la red de atenci\u00f3n primaria en toda la Provincia, argument\u00f3 el Mandatario.\u00a0<\/strong><\/p>\n<p><span lang=\"ES\">Cerrando una agenda intensa de dos d\u00edas de inauguraciones en las localidades de Guavirav\u00ed, La Cruz, Alvear, San Carlos y Virasoro, el gobernador Gustavo Vald\u00e9s arrib\u00f3 este martes por la tarde a la ciudad de Virasoro cerca de las 17 para inaugurar un nuevo CAPS.<\/span><\/p>\n<p><span lang=\"ES\">Al inicio del acto, el gobernador Vald\u00e9s y dem\u00e1s autoridades presentes realizaron\u00a0el corte de cintas y descubrimiento de placa del nuevo CAPS.\u00a0<\/span><span lang=\"ES\">Seguidamente, la bendici\u00f3n del edificio estuvo a cargo del di\u00e1cono Justo Marcos Medina.\u00a0<\/span><\/p>\n<p><strong><span lang=\"EN-US\">Apuesta a la salud p\u00fablica<\/span><\/strong><\/p>\n<p><span lang=\"EN-US\">Al comienzo de su alocuci\u00f3n, el gobernador Gustavo Vald\u00e9s destac\u00f3 la importancia de seguir apostando a la prevenci\u00f3n en la salud ya que \u201ces fundamental contar con un respaldo necesario para estas \u00e1reas\u201d y record\u00f3 que al inicio de la gesti\u00f3n provincial el Hospital contaba con una segunda etapa de ejecuci\u00f3n y se avanzaron en dos etapas m\u00e1s para darle mayor complejidad a la atenci\u00f3n sanitaria.<\/span><\/p>\n<p><span lang=\"EN-US\">Tambi\u00e9n mencion\u00f3 el trabajo articulado que realizan, el hospital y los centros de atenci\u00f3n primaria llevando respuestas a la ciudadan\u00eda.<\/span><\/p>\n<p><span lang=\"EN-US\">Por otro lado, Vald\u00e9s indic\u00f3 que \u201cVirasoro es uno de los puntos que m\u00e1s crece en la provincia y debemos seguir apostando en la salud p\u00fablica\u201d. \u201cEste era un viejo sue\u00f1o que hoy estamos haci\u00e9ndolo realidad dando respuesta a la gran demanda de la localidad\u201d, subray\u00f3 y construir un sistema de salud m\u00e1s fortalecido<\/span><\/p>\n<p><span lang=\"EN-US\">Para concluir, el mandatario resalt\u00f3 el trabajo que llevan adelante el personal de salud e inst\u00f3 a la nueva gesti\u00f3n municipal a \u201caplicar pol\u00edticas m\u00e1s certeras junto el Gobierno provincial\u201d.<\/span><\/p>\n<p><strong>Ricardo Cardozo<\/strong><\/p>\n<p><span lang=\"EN-US\">Al tomar la palabra, el ministro de Salud P\u00fablica, Ricardo Cardozo expres\u00f3 su felicidad por la obra y dijo que \u201cse est\u00e1 cumpliendo una promesa, una promesa hecha por el se\u00f1or gobernador de construir dos CAPS\u201d y explic\u00f3 que \u201clos dos CAPS vienen tambi\u00e9n a cumplir dos metas importantes del Plan de Salud que son la accesibilidad y la equidad\u201d.<\/span><\/p>\n<p><span lang=\"EN-US\">Con respecto a esto, el Ministro argument\u00f3: \u201cAccesibilidad porque, como bien dec\u00eda el director, va a poner a esta sala y a sus servicios al servicio de la poblaci\u00f3n que se encuentra lejos del centro, ac\u00e1 en este barrio\u201d y agreg\u00f3 que \u201cequidad porque es un acto de justicia que la gente de este barrio tenga atenci\u00f3n m\u00e9dica igual que en cualquier lugar de la provincial\u201d.<\/span><\/p>\n<p><span lang=\"EN-US\">Para concluir, Cardozo remarc\u00f3 que \u201cac\u00e1 se va a haber atenci\u00f3n m\u00e9dica, atenci\u00f3n odontol\u00f3gica, atenci\u00f3n quin\u00e9sica, se va a hacer la atenci\u00f3n de ni\u00f1os sanos junto con la acci\u00f3n de leche, las vacunas y todas aquellas acciones de promoci\u00f3n para prevenir enfermedades y promover la salud\u201d y a\u00f1adi\u00f3 que \u201cesta, sin duda, es una de las pol\u00edticas muy importantes del Gobierno porque fortalecer y seguir fortaleciendo la atenci\u00f3n primaria hace de que podamos evitar de que aquellas patolog\u00edas leves se transformen en patolog\u00edas m\u00e1s importantes y que tengan que ir a un hospital o a otro lugar m\u00e1s complejo\u201d.<\/span><\/p>\n<p><strong><span lang=\"ES\">La salud como pilar<\/span><\/strong><\/p>\n<p><span lang=\"ES\">A su turno, el director del Hospital &#8220;Dr. Miguel Sussini&#8221;, Valerio Uribe indic\u00f3 que \u201ces un honor estar en un segundo centro de salud, esto dice que uno de los pilares de las acciones del equipo del gobierno del gobierno es la salud\u201d, y agreg\u00f3 que \u201cesto va a permitir que el vecino tenga acceso a un servicio de salud de calidad.<\/span><\/p>\n<p><strong><span lang=\"ES\">Obra realizada<\/span><\/strong><\/p>\n<p><span lang=\"ES\">El Gobierno de Corrientes a trav\u00e9s del Ministerio de Salud P\u00fablica de la provincia, inaugura el Nuevo CAPS \u201cSan Antonio de Padua\u201d ubicado en el Barrio El Omb\u00fa, a lado de la Comisar\u00eda 4\u00b0 de la localidad de Virasoro con la construcci\u00f3n de 145 m2 y que consta de consultorio m\u00e9dico, consultorio odontol\u00f3gico, admisi\u00f3n, enfermer\u00eda y farmacia, sala de espera, ba\u00f1o para el personal y ba\u00f1o p\u00fablico.<\/span><\/p>\n<p>En la oportunidad, el Ministerio de Salud P\u00fablica hizo entrega de equipamiento correspondiente para el correcto funcionamiento del mismo.<\/p>\n<p><strong>Presencias<\/strong><\/p>\n<p>Se encontraban presentes en la inauguraci\u00f3n del nuevo CAPS \u201cSan Antonio de Padua\u201d junto al gobernador Gustavo Vald\u00e9s;\u00a0el gobernador electo Juan Pablo Vald\u00e9s;\u00a0el ministro de Salud P\u00fablica, Ricardo Cardozo y dem\u00e1s ministros del Poder Ejecutivo provincial; legisladores nacionales y provinciales; secretarios y subsecretarios; directores del Ministerio de Salud P\u00fablica; director del Hospital Miguel Sussini, Dr. Valerio Uribe; autoridades provinciales, municipales y personal del Centro de Salud y dem\u00e1s autoridades.<\/p>\n","protected":false},"excerpt":{"rendered":"<p>En menos de un a\u00f1o, el gobernador Gustavo Vald\u00e9s inaugur\u00f3 este martes en Virasoro un segundo Centro de Atenci\u00f3n Primaria de la Salud (CAPS), esta vez el &#8220;San Antonio de Padua&#8221;, ubicado en el barrio Vuelta del Omb\u00fa. En la oportunidad, inst\u00f3 a seguir trabajando en salud p\u00fablica desde &#8220;la prevenci\u00f3n&#8221; con &#8220;presencia en el [&hellip;]<\/p>\n","protected":false},"author":2,"featured_media":3643,"comment_status":"open","ping_status":"open","sticky":false,"template":"","format":"standard","meta":{"footnotes":""},"categories":[78],"tags":[],"class_list":{"0":"post-3642","1":"post","2":"type-post","3":"status-publish","4":"format-standard","5":"has-post-thumbnail","7":"category-generales"},"_links":{"self":[{"href":"https:\/\/elpueblonoticia.com.ar\/web\/wp-json\/wp\/v2\/posts\/3642","targetHints":{"allow":["GET"]}}],"collection":[{"href":"https:\/\/elpueblonoticia.com.ar\/web\/wp-json\/wp\/v2\/posts"}],"about":[{"href":"https:\/\/elpueblonoticia.com.ar\/web\/wp-json\/wp\/v2\/types\/post"}],"author":[{"embeddable":true,"href":"https:\/\/elpueblonoticia.com.ar\/web\/wp-json\/wp\/v2\/users\/2"}],"replies":[{"embeddable":true,"href":"https:\/\/elpueblonoticia.com.ar\/web\/wp-json\/wp\/v2\/comments?post=3642"}],"version-history":[{"count":0,"href":"https:\/\/elpueblonoticia.com.ar\/web\/wp-json\/wp\/v2\/posts\/3642\/revisions"}],"wp:featuredmedia":[{"embeddable":true,"href":"https:\/\/elpueblonoticia.com.ar\/web\/wp-json\/wp\/v2\/media\/3643"}],"wp:attachment":[{"href":"https:\/\/elpueblonoticia.com.ar\/web\/wp-json\/wp\/v2\/media?parent=3642"}],"wp:term":[{"taxonomy":"category","embeddable":true,"href":"https:\/\/elpueblonoticia.com.ar\/web\/wp-json\/wp\/v2\/categories?post=3642"},{"taxonomy":"post_tag","embeddable":true,"href":"https:\/\/elpueblonoticia.com.ar\/web\/wp-json\/wp\/v2\/tags?post=3642"}],"curies":[{"name":"wp","href":"https:\/\/api.w.org\/{rel}","templated":true}]}}