{"id":3634,"date":"2025-11-13T09:56:47","date_gmt":"2025-11-13T12:56:47","guid":{"rendered":"https:\/\/elpueblonoticia.com.ar\/web\/?p=3634"},"modified":"2025-11-13T09:56:47","modified_gmt":"2025-11-13T12:56:47","slug":"productores-y-autoridades-compromiso-conjunto-por-la-seguridad-rural","status":"publish","type":"post","link":"https:\/\/elpueblonoticia.com.ar\/web\/2025\/11\/13\/productores-y-autoridades-compromiso-conjunto-por-la-seguridad-rural\/","title":{"rendered":"Productores y Autoridades: Compromiso conjunto por la seguridad rural"},"content":{"rendered":"<div id=\"modalIntrotext\">\n<div>Una destacada reuni\u00f3n tuvo lugar en la sede de la Sociedad Rural de Bella Vista, donde m\u00e1s de 70 productores locales, tanto ganaderos como citr\u00edcolas, se encontraron con las principales autoridades policiales y fiscales de la ciudad. La masiva concurrencia subraya la relevancia de este tipo de encuentros para abordar la problem\u00e1tica de la seguridad rural en la zona.<\/div>\n<\/div>\n<div id=\"modalFulltext\"><img decoding=\"async\" id=\"202511122035088442\" class=\"validImg controledImg\" src=\"https:\/\/www.powernoticias.com\/images\/202511122035088442\" name=\"img-202511122035088442\" \/><img decoding=\"async\" id=\"202511122034400847\" class=\"validImg controledImg\" src=\"https:\/\/www.powernoticias.com\/images\/202511122034400847\" name=\"img-202511122034400847\" \/><img decoding=\"async\" id=\"202511122034331240\" class=\"validImg controledImg\" src=\"https:\/\/www.powernoticias.com\/images\/202511122034331240\" name=\"img-202511122034331240\" \/>La mesa de trabajo cont\u00f3 con la presencia de altos mandos de la fuerza, incluyendo al subjefe de la Polic\u00eda de Corrientes, comisario general Walter Aceval, y al director general de la Polic\u00eda Ecol\u00f3gica, comisario general Gerardo Torres, demostrando el alto nivel de compromiso institucional.<\/p>\n<p>El c\u00f3nclave, organizado por la Sociedad Rural, permiti\u00f3 un contacto directo y fruct\u00edfero donde los productores pudieron exponer de primera mano sus necesidades, reclamos y expectativas.<\/p>\n<p>Las autoridades judiciales tambi\u00e9n tuvieron un rol central, con la participaci\u00f3n de los Fiscales Ram\u00f3n Alfredo Muth y Sergio Germ\u00e1n Freitag , quienes recibieron las inquietudes y, a su vez, aprovecharon la oportunidad para explicar las virtudes y el funcionamiento del nuevo C\u00f3digo Procesal actualmente en vigencia. Esta interacci\u00f3n directa entre la Polic\u00eda, los Fiscales y el sector productivo es crucial para dise\u00f1ar estrategias efectivas.<\/p>\n<p>Como resultado de la reuni\u00f3n, se articularon importantes compromisos. Por un lado, las autoridades policiales presentaron propuestas concretas de prevenci\u00f3n orientadas a mitigar los delitos rurales. Por otro lado, los productores asumieron el compromiso fundamental de formalizar las denuncias ante cualquier hecho. Este punto fue destacado por las autoridades, ya que la presentaci\u00f3n de denuncias es esencial para establecer estad\u00edsticas precisas y, en consecuencia, poder elaborar un plan de seguridad integral y acorde a las necesidades espec\u00edficas de la zona, reforzando la acci\u00f3n coordinada de la Polic\u00eda y la Justicia.-<\/p><\/div>\n","protected":false},"excerpt":{"rendered":"<p>Una destacada reuni\u00f3n tuvo lugar en la sede de la Sociedad Rural de Bella Vista, donde m\u00e1s de 70 productores locales, tanto ganaderos como citr\u00edcolas, se encontraron con las principales autoridades policiales y fiscales de la ciudad. La masiva concurrencia subraya la relevancia de este tipo de encuentros para abordar la problem\u00e1tica de la seguridad [&hellip;]<\/p>\n","protected":false},"author":2,"featured_media":3635,"comment_status":"open","ping_status":"open","sticky":false,"template":"","format":"standard","meta":{"footnotes":""},"categories":[78],"tags":[],"class_list":{"0":"post-3634","1":"post","2":"type-post","3":"status-publish","4":"format-standard","5":"has-post-thumbnail","7":"category-generales"},"_links":{"self":[{"href":"https:\/\/elpueblonoticia.com.ar\/web\/wp-json\/wp\/v2\/posts\/3634","targetHints":{"allow":["GET"]}}],"collection":[{"href":"https:\/\/elpueblonoticia.com.ar\/web\/wp-json\/wp\/v2\/posts"}],"about":[{"href":"https:\/\/elpueblonoticia.com.ar\/web\/wp-json\/wp\/v2\/types\/post"}],"author":[{"embeddable":true,"href":"https:\/\/elpueblonoticia.com.ar\/web\/wp-json\/wp\/v2\/users\/2"}],"replies":[{"embeddable":true,"href":"https:\/\/elpueblonoticia.com.ar\/web\/wp-json\/wp\/v2\/comments?post=3634"}],"version-history":[{"count":0,"href":"https:\/\/elpueblonoticia.com.ar\/web\/wp-json\/wp\/v2\/posts\/3634\/revisions"}],"wp:featuredmedia":[{"embeddable":true,"href":"https:\/\/elpueblonoticia.com.ar\/web\/wp-json\/wp\/v2\/media\/3635"}],"wp:attachment":[{"href":"https:\/\/elpueblonoticia.com.ar\/web\/wp-json\/wp\/v2\/media?parent=3634"}],"wp:term":[{"taxonomy":"category","embeddable":true,"href":"https:\/\/elpueblonoticia.com.ar\/web\/wp-json\/wp\/v2\/categories?post=3634"},{"taxonomy":"post_tag","embeddable":true,"href":"https:\/\/elpueblonoticia.com.ar\/web\/wp-json\/wp\/v2\/tags?post=3634"}],"curies":[{"name":"wp","href":"https:\/\/api.w.org\/{rel}","templated":true}]}}