{"id":3605,"date":"2025-11-13T08:35:37","date_gmt":"2025-11-13T11:35:37","guid":{"rendered":"https:\/\/elpueblonoticia.com.ar\/web\/?p=3605"},"modified":"2025-11-13T08:35:37","modified_gmt":"2025-11-13T11:35:37","slug":"xvi-encuentro-de-armadores-de-cigarros-y-puros","status":"publish","type":"post","link":"https:\/\/elpueblonoticia.com.ar\/web\/2025\/11\/13\/xvi-encuentro-de-armadores-de-cigarros-y-puros\/","title":{"rendered":"XVI ENCUENTRO DE ARMADORES DE CIGARROS Y PUROS"},"content":{"rendered":"<p class=\"x_MsoNormal\" data-olk-copy-source=\"MessageBody\">Presentaci\u00f3n en Conferencia de Prensa<\/p>\n<p class=\"x_MsoNormal\">El viernes 14 a las 11 horas en el Sal\u00f3n de Acuerdos de la Municipalidad se har\u00e1 por medio de una Conferencia de Prensa la presentaci\u00f3n del XVI Encuentro de Armadores de Cigarros y Puros.<\/p>\n<p class=\"x_MsoNormal\" aria-hidden=\"true\">\n<p class=\"x_MsoNormal\">En la ocasi\u00f3n se dar\u00e1n a conocer los detalles de este encuentro a realizarse del 20 al 22 de noviembre en el Multiespacio Ferial Costa Surub\u00ed.<\/p>\n<p class=\"x_MsoNormal\" aria-hidden=\"true\">\n<p class=\"x_MsoNormal\">Se invita a participar a periodistas, comunicadores y responsables de portales digitales a la mencionada conferencia.<\/p>\n","protected":false},"excerpt":{"rendered":"<p>Presentaci\u00f3n en Conferencia de Prensa El viernes 14 a las 11 horas en el Sal\u00f3n de Acuerdos de la Municipalidad se har\u00e1 por medio de una Conferencia de Prensa la presentaci\u00f3n del XVI Encuentro de Armadores de Cigarros y Puros. En la ocasi\u00f3n se dar\u00e1n a conocer los detalles de este encuentro a realizarse del [&hellip;]<\/p>\n","protected":false},"author":2,"featured_media":3606,"comment_status":"open","ping_status":"open","sticky":false,"template":"","format":"standard","meta":{"footnotes":""},"categories":[56],"tags":[],"class_list":{"0":"post-3605","1":"post","2":"type-post","3":"status-publish","4":"format-standard","5":"has-post-thumbnail","7":"category-locales"},"_links":{"self":[{"href":"https:\/\/elpueblonoticia.com.ar\/web\/wp-json\/wp\/v2\/posts\/3605","targetHints":{"allow":["GET"]}}],"collection":[{"href":"https:\/\/elpueblonoticia.com.ar\/web\/wp-json\/wp\/v2\/posts"}],"about":[{"href":"https:\/\/elpueblonoticia.com.ar\/web\/wp-json\/wp\/v2\/types\/post"}],"author":[{"embeddable":true,"href":"https:\/\/elpueblonoticia.com.ar\/web\/wp-json\/wp\/v2\/users\/2"}],"replies":[{"embeddable":true,"href":"https:\/\/elpueblonoticia.com.ar\/web\/wp-json\/wp\/v2\/comments?post=3605"}],"version-history":[{"count":0,"href":"https:\/\/elpueblonoticia.com.ar\/web\/wp-json\/wp\/v2\/posts\/3605\/revisions"}],"wp:featuredmedia":[{"embeddable":true,"href":"https:\/\/elpueblonoticia.com.ar\/web\/wp-json\/wp\/v2\/media\/3606"}],"wp:attachment":[{"href":"https:\/\/elpueblonoticia.com.ar\/web\/wp-json\/wp\/v2\/media?parent=3605"}],"wp:term":[{"taxonomy":"category","embeddable":true,"href":"https:\/\/elpueblonoticia.com.ar\/web\/wp-json\/wp\/v2\/categories?post=3605"},{"taxonomy":"post_tag","embeddable":true,"href":"https:\/\/elpueblonoticia.com.ar\/web\/wp-json\/wp\/v2\/tags?post=3605"}],"curies":[{"name":"wp","href":"https:\/\/api.w.org\/{rel}","templated":true}]}}